{"id":1141,"date":"2017-02-07T19:11:08","date_gmt":"2017-02-08T00:11:08","guid":{"rendered":"http:\/\/38.242.151.198\/\/?p=1141"},"modified":"2017-09-28T17:56:22","modified_gmt":"2017-09-28T22:56:22","slug":"convocatoria-cas-n-002-2017-ue-0307-ugel-sanchez-carrion-vigente","status":"publish","type":"post","link":"http:\/\/www.ugelsanchezcarrion.gob.pe\/?p=1141","title":{"rendered":"CONVOCATORIA CAS N\u00b0 002-2017 UE 0307 UGEL S\u00c1NCHEZ CARRI\u00d3N <span class=\"label label-danger\">(Cerrado)<\/span>"},"content":{"rendered":"<p><strong><em>Proceso\u00a0de convocatoria CAS N\u00b0 002-2017 UE 0307 UGEL S\u00c1NCHEZ CARRI\u00d3N\u00a0<\/em><\/strong><\/p>\n<p><a href=\"http:\/\/38.242.151.198\/\/wordpress\/wp-content\/uploads\/2017\/02\/RELACION-DE-POSTULANTES-APTOS-PARA-LA-ENTREVISTA-PERSONAL-JEC-2017-1.pdf\"><img loading=\"lazy\" class=\"alignnone wp-image-1418 size-large\" src=\"http:\/\/38.242.151.198\/\/wordpress\/wp-content\/uploads\/2017\/02\/RELACION-DE-POSTULANTES-APTOS-PARA-LA-ENTREVISTA-PERSONAL-JEC-2017-1024x537.jpg\" alt=\"\" width=\"640\" height=\"336\" srcset=\"http:\/\/www.ugelsanchezcarrion.gob.pe\/wordpress\/wp-content\/uploads\/2017\/02\/RELACION-DE-POSTULANTES-APTOS-PARA-LA-ENTREVISTA-PERSONAL-JEC-2017-1024x537.jpg 1024w, http:\/\/www.ugelsanchezcarrion.gob.pe\/wordpress\/wp-content\/uploads\/2017\/02\/RELACION-DE-POSTULANTES-APTOS-PARA-LA-ENTREVISTA-PERSONAL-JEC-2017-300x157.jpg 300w, http:\/\/www.ugelsanchezcarrion.gob.pe\/wordpress\/wp-content\/uploads\/2017\/02\/RELACION-DE-POSTULANTES-APTOS-PARA-LA-ENTREVISTA-PERSONAL-JEC-2017-768x403.jpg 768w, http:\/\/www.ugelsanchezcarrion.gob.pe\/wordpress\/wp-content\/uploads\/2017\/02\/RELACION-DE-POSTULANTES-APTOS-PARA-LA-ENTREVISTA-PERSONAL-JEC-2017-1200x630.jpg 1200w, http:\/\/www.ugelsanchezcarrion.gob.pe\/wordpress\/wp-content\/uploads\/2017\/02\/RELACION-DE-POSTULANTES-APTOS-PARA-LA-ENTREVISTA-PERSONAL-JEC-2017.jpg 1656w\" sizes=\"(max-width: 640px) 100vw, 640px\" \/><\/a><\/p>\n<p>&nbsp;<\/p>\n<p><span style=\"color: #000000;\"><em><strong><a style=\"color: #000000;\" href=\"http:\/\/PUBLICACI\u00d3N DE RESULTADOS FINALES - CAS N\u00b0 002-2017 UE 307-UGEL S\u00c1NCHEZ CARRI\u00d3N - JEC 2017\" target=\"_blank\" rel=\"noopener\">PUBLICACI\u00d3N DE RESULTADOS FINALES &#8211; CAS N\u00b0 002-2017 UE 307-UGEL S\u00c1NCHEZ CARRI\u00d3N &#8211; JEC 2017<\/a><\/strong><\/em><\/span><\/p>\n<p>&nbsp;<\/p>\n<h4><span style=\"color: #ff0000;\"><strong>RESULTADOS FINALES DE CONTRATACI\u00d3N ADMINISTRATIVA<\/strong><\/span><\/h4>\n<p><a href=\"http:\/\/38.242.151.198\/\/wordpress\/wp-content\/uploads\/2017\/03\/RELACION-DE-POSTULANTES-APTOS-PARA-LA-ENTREVISTA-PERSONAL_001.jpg\" target=\"_blank\" rel=\"noopener\"><em><strong>Resultados finales postulantes cas 002<\/strong><\/em><\/a><\/p>\n<hr \/>\n<h4><span style=\"color: #ff0000;\"><strong>RESULTADOS PRELIMINARES DE CONTRATACI\u00d3N ADMINISTRATIVA PARA: <\/strong><\/span><\/h4>\n<p><i class=\"fa fa-arrow-right\"><\/i> <i class=\"fa fa-file-pdf-o\"><\/i> <a href=\"http:\/\/38.242.151.198\/\/wordpress\/wp-content\/uploads\/2017\/02\/GL-CRA-CI.pdf\" target=\"_blank\" rel=\"noopener\"><em><strong>Gestor Local, Responsable CRA, Responsable de la Calidad de la Informaci\u00f3n<\/strong><\/em><\/a><\/p>\n<p><i class=\"fa fa-arrow-right\"><\/i> <i class=\"fa fa-file-pdf-o\"><\/i> <a href=\"http:\/\/38.242.151.198\/\/wordpress\/wp-content\/uploads\/2017\/02\/multigrado.pdf\" target=\"_blank\" rel=\"noopener\"><em><strong>Acompa\u00f1ante Pedag\u00f3gico para IIEE Multigrado<\/strong><\/em><\/a><\/p>\n<p><i class=\"fa fa-arrow-right\"><\/i> <i class=\"fa fa-file-pdf-o\"><\/i> <a href=\"http:\/\/38.242.151.198\/\/wordpress\/wp-content\/uploads\/2017\/02\/soporte-pedagogico.pdf\" target=\"_blank\" rel=\"noopener\"><em><strong>Acompa\u00f1ante Pedag\u00f3gico para Soporte Pedag\u00f3gico<\/strong><\/em><\/a><\/p>\n<hr \/>\n<h2><span style=\"color: #ff0000;\">Resultados preliminares proceso de evaluaci\u00f3n hoja de vida<\/span><\/h2>\n<p><a href=\"http:\/\/38.242.151.198\/\/wordpress\/wp-content\/uploads\/2017\/03\/RELACION-DE-POSTULANTES-APTOS-PARA-LA-ENTREVISTA-PERSONAL.pdf\" target=\"_blank\" rel=\"noopener\"><em><strong>Resultados Evaluaci\u00f3n hoja de vida<\/strong><\/em><\/a><\/p>\n<p><i class=\"fa fa-arrow-right\"><\/i> <i class=\"fa fa-file-pdf-o\"><\/i> <a href=\"http:\/\/38.242.151.198\/\/wordpress\/wp-content\/uploads\/2017\/02\/RELACION-DE-POSTULANTES-APTOS-PARA-LA-ENTREVISTA-PERSONAL-JEC-2017.pdf\" target=\"_blank\" rel=\"noopener\"><em><strong>Resultados Evaluaci\u00f3n hoja de vida solo para JEC Procedentes<\/strong><\/em><\/a><\/p>\n<p><i class=\"fa fa-arrow-right\"><\/i> <i class=\"fa fa-file-pdf-o\"><\/i> <a href=\"http:\/\/38.242.151.198\/\/wordpress\/wp-content\/uploads\/2017\/02\/Evaluacion-Hoja-de-vida-JEC-2017-Improcedentes-Pagina-web.pdf\" target=\"_blank\" rel=\"noopener\"><em><strong>Resultados Evaluaci\u00f3n hoja de vida solo para JEC Improcedentes<\/strong><\/em><\/a><\/p>\n<hr \/>\n<p><a href=\"http:\/\/38.242.151.198\/\/wordpress\/wp-content\/uploads\/2017\/02\/OFICIO-N\u00b0-048-2017-GRLL-GRSEUGEL-SCAGA-ilovepdf-compressed.pdf\" target=\"_blank\" rel=\"noopener\">OFICIO N\u00b0 048-2017-GRLL-GRSE\/UGEL-SC\/AGA<\/a><\/p>\n<p><i class=\"fa fa-arrow-right\"><\/i> <i class=\"fa fa-file-pdf-o\"><\/i> <a href=\"http:\/\/38.242.151.198\/\/wordpress\/wp-content\/uploads\/2017\/02\/RESOLUCI\u00d3N-DIRECTORAL-UGEL-S.C.-N\u00b0000005-ilovepdf-compressed.pdf\" target=\"_blank\" rel=\"noopener\">RESOLUCI\u00d3N DIRECTORAL UGEL-S.C. N\u00b0000005<\/a><\/p>\n<p><i class=\"fa fa-arrow-right\"><\/i> <i class=\"fa fa-file-pdf-o\"><\/i> <a href=\"http:\/\/38.242.151.198\/\/wordpress\/wp-content\/uploads\/2017\/02\/TRCONVOCATORIA-CAS-N\u00b0-002-2017-ilovepdf-compressed.pdf\" target=\"_blank\" rel=\"noopener\">T.R. CONVOCATORIA CAS N\u00b0 002-2017 UE 0307 UGEL-S.C.<\/a><\/p>\n<p><i class=\"fa fa-arrow-right\"><\/i> <i class=\"fa fa-file-pdf-o\"><\/i> <a href=\"http:\/\/38.242.151.198\/\/wordpress\/wp-content\/uploads\/2017\/02\/CRONOGRAMA-DE-CONVOCATORIA-CAS-ilovepdf-compressed.pdf\" target=\"_blank\" rel=\"noopener\">CRONOGRAMA DE CONVOCATORIA CAS N\u00b0002<\/a><\/p>\n<p><i class=\"fa fa-arrow-right\"><\/i> <i class=\"fa fa-file-pdf-o\"><\/i> <a href=\"http:\/\/38.242.151.198\/\/wordpress\/wp-content\/uploads\/2017\/02\/ANEXOS-Y-EVALUACI\u00d3N-PARA-LA-ENTREVISTA-PERSONAL-ilovepdf-compressed.pdf\" target=\"_blank\" rel=\"noopener\">ANEXOS Y EVALUACI\u00d3N PARA LA ENTREVISTA PERSONAL<\/a><\/p>\n<p><i class=\"fa fa-arrow-right\"><\/i> <i class=\"fa fa-file-pdf-o\"><\/i> <a href=\"http:\/\/38.242.151.198\/\/wordpress\/wp-content\/uploads\/2017\/02\/PLAZAS-VACANTES-.pdf\" target=\"_blank\" rel=\"noopener\">PLAZAS VACANTES POR INSTITUCI\u00d3N EDUCATIVA<\/a><\/p>\n","protected":false},"excerpt":{"rendered":"<p>Proceso\u00a0de convocatoria CAS N\u00b0 002-2017 UE 0307 UGEL S\u00c1NCHEZ CARRI\u00d3N\u00a0 &nbsp; PUBLICACI\u00d3N DE RESULTADOS FINALES &#8211; CAS N\u00b0 002-2017 UE 307-UGEL S\u00c1NCHEZ CARRI\u00d3N &#8211; JEC 2017 &nbsp; RESULTADOS FINALES DE CONTRATACI\u00d3N ADMINISTRATIVA Resultados finales postulantes cas 002 RESULTADOS PRELIMINARES DE CONTRATACI\u00d3N ADMINISTRATIVA PARA: Gestor Local, Responsable CRA, Responsable de la Calidad de la Informaci\u00f3n Acompa\u00f1ante&#8230;<\/p>\n","protected":false},"author":1,"featured_media":0,"comment_status":"closed","ping_status":"open","sticky":false,"template":"","format":"aside","meta":[],"categories":[21],"tags":[],"_links":{"self":[{"href":"http:\/\/www.ugelsanchezcarrion.gob.pe\/index.php?rest_route=\/wp\/v2\/posts\/1141"}],"collection":[{"href":"http:\/\/www.ugelsanchezcarrion.gob.pe\/index.php?rest_route=\/wp\/v2\/posts"}],"about":[{"href":"http:\/\/www.ugelsanchezcarrion.gob.pe\/index.php?rest_route=\/wp\/v2\/types\/post"}],"author":[{"embeddable":true,"href":"http:\/\/www.ugelsanchezcarrion.gob.pe\/index.php?rest_route=\/wp\/v2\/users\/1"}],"replies":[{"embeddable":true,"href":"http:\/\/www.ugelsanchezcarrion.gob.pe\/index.php?rest_route=%2Fwp%2Fv2%2Fcomments&post=1141"}],"version-history":[{"count":15,"href":"http:\/\/www.ugelsanchezcarrion.gob.pe\/index.php?rest_route=\/wp\/v2\/posts\/1141\/revisions"}],"predecessor-version":[{"id":2593,"href":"http:\/\/www.ugelsanchezcarrion.gob.pe\/index.php?rest_route=\/wp\/v2\/posts\/1141\/revisions\/2593"}],"wp:attachment":[{"href":"http:\/\/www.ugelsanchezcarrion.gob.pe\/index.php?rest_route=%2Fwp%2Fv2%2Fmedia&parent=1141"}],"wp:term":[{"taxonomy":"category","embeddable":true,"href":"http:\/\/www.ugelsanchezcarrion.gob.pe\/index.php?rest_route=%2Fwp%2Fv2%2Fcategories&post=1141"},{"taxonomy":"post_tag","embeddable":true,"href":"http:\/\/www.ugelsanchezcarrion.gob.pe\/index.php?rest_route=%2Fwp%2Fv2%2Ftags&post=1141"}],"curies":[{"name":"wp","href":"https:\/\/api.w.org\/{rel}","templated":true}]}}