{"id":12811,"date":"2021-08-20T13:35:00","date_gmt":"2021-08-20T18:35:00","guid":{"rendered":"http:\/\/www.ugelsanchezcarrion.gob.pe\/?p=12811"},"modified":"2021-08-20T14:01:40","modified_gmt":"2021-08-20T19:01:40","slug":"cronograma-de-actividades-para-la-eleccion-de-plaza-de-profesor-para-el-retorno-del-personal-directivo","status":"publish","type":"post","link":"http:\/\/www.ugelsanchezcarrion.gob.pe\/?p=12811","title":{"rendered":"CRONOGRAMA DE ACTIVIDADES PARA LA ELECCI\u00d3N DE PLAZA DE PROFESOR PARA EL RETORNO DEL PERSONAL DIRECTIVO"},"content":{"rendered":"<p><i class=\"far fa-calendar-alt fa-2x\"><\/i><span style=\"color: #000000;\"><strong>13-08-2021<\/strong><\/span><\/p>\n<p><span style=\"color: #ff0000;\"><strong>Clic sobre la imagen para descargar cronograma<\/strong><\/span><\/p>\n<p><a href=\"http:\/\/www.ugelsanchezcarrion.gob.pe\/wordpress\/wp-content\/uploads\/2021\/08\/CRONOGRAMA-RETORNO-DEL-PERSONAL-DIRECTIVO.pdf\"><img loading=\"lazy\" class=\"alignnone wp-image-12812 size-full\" src=\"http:\/\/www.ugelsanchezcarrion.gob.pe\/wordpress\/wp-content\/uploads\/2021\/08\/CRONOGRAMA-RETORNO-DEL-PERSONAL-DIRECTIVO.jpg\" alt=\"\" width=\"600\" height=\"340\" srcset=\"http:\/\/www.ugelsanchezcarrion.gob.pe\/wordpress\/wp-content\/uploads\/2021\/08\/CRONOGRAMA-RETORNO-DEL-PERSONAL-DIRECTIVO.jpg 600w, http:\/\/www.ugelsanchezcarrion.gob.pe\/wordpress\/wp-content\/uploads\/2021\/08\/CRONOGRAMA-RETORNO-DEL-PERSONAL-DIRECTIVO-300x170.jpg 300w\" sizes=\"(max-width: 600px) 100vw, 600px\" \/><\/a><\/p>\n<hr \/>\n<p><i class=\"far fa-calendar-alt fa-2x\"><\/i><span style=\"color: #000000;\"><strong>19-08-2021<\/strong><\/span><\/p>\n<p><strong><span style=\"color: #ff0000;\">COMUNICADO I.<\/span> <a href=\"http:\/\/www.ugelsanchezcarrion.gob.pe\/wordpress\/wp-content\/uploads\/2021\/08\/Nuevo-cronograma-190821.pdf\" target=\"_blank\" rel=\"noopener\">Nuevo cronograma<\/a><\/strong><\/p>\n<hr \/>\n<p><i class=\"far fa-calendar-alt fa-2x\"><\/i><span style=\"color: #000000;\"><strong>20-08-2021<\/strong><\/span><\/p>\n<p><strong><span style=\"color: #ff0000;\">PUBLICACION DE PLAZAS VACANTES Y CUADRO DE MERITOS<\/span><\/strong><\/p>\n<p><span style=\"color: #000000;\"><strong><span style=\"color: #800000;\"><em>Plazas vacantes<\/em><\/span> descargar (<a href=\"http:\/\/www.ugelsanchezcarrion.gob.pe\/wordpress\/wp-content\/uploads\/2021\/08\/plazas-vacantes-ubicacion-de-prof.pdf\" target=\"_blank\" rel=\"noopener\">aqu\u00ed<\/a>)<\/strong><\/span><\/p>\n<p><span style=\"color: #000000;\"><strong><em><span style=\"color: #800000;\">cuadro de m\u00e9ritos<\/span><\/em> descargar (<a href=\"http:\/\/www.ugelsanchezcarrion.gob.pe\/wordpress\/wp-content\/uploads\/2021\/08\/cuadro-meritos-ubicacion-de-prof.pdf\" target=\"_blank\" rel=\"noopener\">aqu\u00ed<\/a>)<\/strong><\/span><\/p>\n<hr \/>\n<p><strong><span style=\"color: #ff0000;\">NOTA:<\/span> la elecci\u00f3n de plaza de profesor para el retorno del personal directivo se realizar\u00e1 el d\u00eda 23-08-21 a las 10:00 horas de acuerdo a comunicado de manera virtual, solo se permitir\u00e1 el acceso mediante la plataforma ZOOM a los docentes que se encuentren en el cuadro de m\u00e9ritos por lo que deber\u00e1n ingresar con su respectivo nombre de lo contrario ser\u00e1n expulsados de la sala.<\/strong><\/p>\n<p><strong><span style=\"color: #ff0000;\">LINK APLICATIVO ZOOM PARA la ELECCI\u00d3N DE PLAZA VACANTE<\/span><\/strong><\/p>\n<p>T<span style=\"color: #000000;\"><strong>ema: ELECCI\u00d3N DE PLAZA DE PROFESOR PARA EL RETORNO DEL PERSONAL DIRECTIVO<\/strong><\/span><br \/><span style=\"color: #000000;\"><strong>Hora: 23 ago. 2021 10:00 a.\u00a0m. Lima<\/strong><\/span><\/p>\n<p><strong><span style=\"color: #000000;\">Unirse a la reuni\u00f3n Zoom<\/span><\/strong><br \/><a href=\"https:\/\/us02web.zoom.us\/j\/85773484612?pwd=MXNnZ21uWGZaUWhOVWExSzNlWVFLUT09\" target=\"_blank\" rel=\"noopener\">https:\/\/us02web.zoom.us\/j\/85773484612?pwd=MXNnZ21uWGZaUWhOVWExSzNlWVFLUT09<\/a><\/p>\n\n\n<p><\/p>\n\n\n\n<p><\/p>\n\n\n\n<p><\/p>\n\n\n\n<p><\/p>\n\n\n\n<p><\/p>\n\n\n\n<p><\/p>\n\n\n\n<p><\/p>\n\n\n\n<p><\/p>\n\n\n\n<p><\/p>\n\n\n\n<p><\/p>\n\n\n\n<p><\/p>\n","protected":false},"excerpt":{"rendered":"<p>13-08-2021 Clic sobre la imagen para descargar cronograma 19-08-2021 COMUNICADO I. Nuevo cronograma 20-08-2021 PUBLICACION DE PLAZAS VACANTES Y CUADRO DE MERITOS Plazas vacantes descargar (aqu\u00ed) cuadro de m\u00e9ritos descargar (aqu\u00ed) NOTA: la elecci\u00f3n de plaza de profesor para el retorno del personal directivo se realizar\u00e1 el d\u00eda 23-08-21 a las 10:00 horas de acuerdo&#8230;<\/p>\n","protected":false},"author":1,"featured_media":0,"comment_status":"closed","ping_status":"open","sticky":false,"template":"","format":"aside","meta":[],"categories":[10,26],"tags":[],"_links":{"self":[{"href":"http:\/\/www.ugelsanchezcarrion.gob.pe\/index.php?rest_route=\/wp\/v2\/posts\/12811"}],"collection":[{"href":"http:\/\/www.ugelsanchezcarrion.gob.pe\/index.php?rest_route=\/wp\/v2\/posts"}],"about":[{"href":"http:\/\/www.ugelsanchezcarrion.gob.pe\/index.php?rest_route=\/wp\/v2\/types\/post"}],"author":[{"embeddable":true,"href":"http:\/\/www.ugelsanchezcarrion.gob.pe\/index.php?rest_route=\/wp\/v2\/users\/1"}],"replies":[{"embeddable":true,"href":"http:\/\/www.ugelsanchezcarrion.gob.pe\/index.php?rest_route=%2Fwp%2Fv2%2Fcomments&post=12811"}],"version-history":[{"count":6,"href":"http:\/\/www.ugelsanchezcarrion.gob.pe\/index.php?rest_route=\/wp\/v2\/posts\/12811\/revisions"}],"predecessor-version":[{"id":12869,"href":"http:\/\/www.ugelsanchezcarrion.gob.pe\/index.php?rest_route=\/wp\/v2\/posts\/12811\/revisions\/12869"}],"wp:attachment":[{"href":"http:\/\/www.ugelsanchezcarrion.gob.pe\/index.php?rest_route=%2Fwp%2Fv2%2Fmedia&parent=12811"}],"wp:term":[{"taxonomy":"category","embeddable":true,"href":"http:\/\/www.ugelsanchezcarrion.gob.pe\/index.php?rest_route=%2Fwp%2Fv2%2Fcategories&post=12811"},{"taxonomy":"post_tag","embeddable":true,"href":"http:\/\/www.ugelsanchezcarrion.gob.pe\/index.php?rest_route=%2Fwp%2Fv2%2Ftags&post=12811"}],"curies":[{"name":"wp","href":"https:\/\/api.w.org\/{rel}","templated":true}]}}