{"id":13628,"date":"2021-11-09T18:21:53","date_gmt":"2021-11-09T23:21:53","guid":{"rendered":"http:\/\/www.ugelsanchezcarrion.gob.pe\/?p=13628"},"modified":"2021-11-09T18:21:55","modified_gmt":"2021-11-09T23:21:55","slug":"reitera-a-las-coordinadoras-de-los-programas-no-escolarizados-y-directivos-del-nivel-inicial-deberan-coordinar-a-fin-de-poder-cumplir-con-la-cobertura-de-matricula-de-ninos-y-ninas-cumplidos-los-3-ano","status":"publish","type":"post","link":"http:\/\/www.ugelsanchezcarrion.gob.pe\/?p=13628","title":{"rendered":"Reitera a las coordinadoras de los Programas no Escolarizados y directivos del nivel inicial deber\u00e1n coordinar a fin de poder cumplir con la cobertura de matr\u00edcula de ni\u00f1os y ni\u00f1as cumplidos los 3 a\u00f1os de edad."},"content":{"rendered":"<p><span style=\"color: #ff0000;\"><strong>Clic sobre la imagen para descargar comunicado<\/strong><\/span><\/p>\n<p><a href=\"http:\/\/www.ugelsanchezcarrion.gob.pe\/wordpress\/wp-content\/uploads\/2021\/11\/COM-COBERTURA-DIRECTIVOS.pdf\"><img loading=\"lazy\" class=\"alignnone wp-image-13629 size-full\" src=\"http:\/\/www.ugelsanchezcarrion.gob.pe\/wordpress\/wp-content\/uploads\/2021\/11\/COM-COBERTURA-DIRECTIVOS.jpg\" alt=\"\" width=\"600\" height=\"340\" srcset=\"http:\/\/www.ugelsanchezcarrion.gob.pe\/wordpress\/wp-content\/uploads\/2021\/11\/COM-COBERTURA-DIRECTIVOS.jpg 600w, http:\/\/www.ugelsanchezcarrion.gob.pe\/wordpress\/wp-content\/uploads\/2021\/11\/COM-COBERTURA-DIRECTIVOS-300x170.jpg 300w\" sizes=\"(max-width: 600px) 100vw, 600px\" \/><\/a><\/p>\n<hr \/>\n<p>\u00a0<\/p>\n\n\n<p><\/p>\n\n\n\n<p><\/p>\n\n\n\n<p><\/p>\n\n\n\n<p><\/p>\n\n\n\n<p><\/p>\n\n\n\n<p><\/p>\n\n\n\n<p><\/p>\n","protected":false},"excerpt":{"rendered":"<p>Clic sobre la imagen para descargar comunicado \u00a0<\/p>\n","protected":false},"author":1,"featured_media":0,"comment_status":"closed","ping_status":"open","sticky":false,"template":"","format":"aside","meta":[],"categories":[10],"tags":[],"_links":{"self":[{"href":"http:\/\/www.ugelsanchezcarrion.gob.pe\/index.php?rest_route=\/wp\/v2\/posts\/13628"}],"collection":[{"href":"http:\/\/www.ugelsanchezcarrion.gob.pe\/index.php?rest_route=\/wp\/v2\/posts"}],"about":[{"href":"http:\/\/www.ugelsanchezcarrion.gob.pe\/index.php?rest_route=\/wp\/v2\/types\/post"}],"author":[{"embeddable":true,"href":"http:\/\/www.ugelsanchezcarrion.gob.pe\/index.php?rest_route=\/wp\/v2\/users\/1"}],"replies":[{"embeddable":true,"href":"http:\/\/www.ugelsanchezcarrion.gob.pe\/index.php?rest_route=%2Fwp%2Fv2%2Fcomments&post=13628"}],"version-history":[{"count":1,"href":"http:\/\/www.ugelsanchezcarrion.gob.pe\/index.php?rest_route=\/wp\/v2\/posts\/13628\/revisions"}],"predecessor-version":[{"id":13631,"href":"http:\/\/www.ugelsanchezcarrion.gob.pe\/index.php?rest_route=\/wp\/v2\/posts\/13628\/revisions\/13631"}],"wp:attachment":[{"href":"http:\/\/www.ugelsanchezcarrion.gob.pe\/index.php?rest_route=%2Fwp%2Fv2%2Fmedia&parent=13628"}],"wp:term":[{"taxonomy":"category","embeddable":true,"href":"http:\/\/www.ugelsanchezcarrion.gob.pe\/index.php?rest_route=%2Fwp%2Fv2%2Fcategories&post=13628"},{"taxonomy":"post_tag","embeddable":true,"href":"http:\/\/www.ugelsanchezcarrion.gob.pe\/index.php?rest_route=%2Fwp%2Fv2%2Ftags&post=13628"}],"curies":[{"name":"wp","href":"https:\/\/api.w.org\/{rel}","templated":true}]}}