{"id":15911,"date":"2022-07-09T12:56:06","date_gmt":"2022-07-09T17:56:06","guid":{"rendered":"http:\/\/www.ugelsanchezcarrion.gob.pe\/?p=15911"},"modified":"2022-07-09T12:56:23","modified_gmt":"2022-07-09T17:56:23","slug":"%f0%9f%99%8c-la-ugel-sanchez-carrion-felicita-a-los-estudiantes-que-nos-representaran-en-el-concurso-regional-escolar-de-declamacion-en-homenaje-a-los-cien-anos-del-poemario-trilce-2022-del-vat","status":"publish","type":"post","link":"http:\/\/www.ugelsanchezcarrion.gob.pe\/?p=15911","title":{"rendered":"\ud83d\ude4c La UGEL S\u00e1nchez Carri\u00f3n felicita a los estudiantes que nos representar\u00e1n en el Concurso Regional Escolar de Declamaci\u00f3n en homenaje a los cien a\u00f1os del Poemario \u00abTrilce\u00bb &#8211; 2022, del vate universal C\u00e9sar Vallejo. \ud83c\udf89\u00a1\u00c9xitos en la Etapa GRELL!\ud83c\udf89"},"content":{"rendered":"\n<p><strong>\u2705De La Cruz Rosales Alison Bel\u00e9n, estudiante de 2\u00b0secundaria de la IE Santa Ana San Francisco.<\/strong><\/p>\n\n\n\n<p><strong>\u2705Gabriel Aguirre Giampier Alejandro, estudiante de 3\u00b0secundaria de la IEP Marcelino, Pan y Vino.<\/strong><\/p>\n\n\n\n<figure class=\"wp-block-image size-large\"><img loading=\"lazy\" width=\"1024\" height=\"768\" src=\"http:\/\/www.ugelsanchezcarrion.gob.pe\/wordpress\/wp-content\/uploads\/2022\/07\/WhatsApp-Image-2022-07-08-at-5.42.16-PM-1024x768.jpeg\" alt=\"\" class=\"wp-image-15912\" srcset=\"http:\/\/www.ugelsanchezcarrion.gob.pe\/wordpress\/wp-content\/uploads\/2022\/07\/WhatsApp-Image-2022-07-08-at-5.42.16-PM-1024x768.jpeg 1024w, http:\/\/www.ugelsanchezcarrion.gob.pe\/wordpress\/wp-content\/uploads\/2022\/07\/WhatsApp-Image-2022-07-08-at-5.42.16-PM-300x225.jpeg 300w, http:\/\/www.ugelsanchezcarrion.gob.pe\/wordpress\/wp-content\/uploads\/2022\/07\/WhatsApp-Image-2022-07-08-at-5.42.16-PM-768x576.jpeg 768w, http:\/\/www.ugelsanchezcarrion.gob.pe\/wordpress\/wp-content\/uploads\/2022\/07\/WhatsApp-Image-2022-07-08-at-5.42.16-PM.jpeg 1032w\" sizes=\"(max-width: 1024px) 100vw, 1024px\" \/><\/figure>\n\n\n\n<hr class=\"wp-block-separator is-style-dots\"\/>\n\n\n\n<p><strong><em><mark style=\"background-color:rgba(0, 0, 0, 0)\" class=\"has-inline-color has-vivid-cyan-blue-color\">Dar clic en la imagen para ver v\u00eddeo<\/mark><\/em><\/strong><\/p>\n\n\n\n<figure class=\"wp-block-image size-full is-resized\"><a href=\"https:\/\/fb.watch\/e8EX2QmztA\/\" target=\"_blank\" rel=\"noopener\"><img loading=\"lazy\" src=\"http:\/\/www.ugelsanchezcarrion.gob.pe\/wordpress\/wp-content\/uploads\/2022\/07\/image-2.png\" alt=\"\" class=\"wp-image-15913\" width=\"405\" height=\"403\" srcset=\"http:\/\/www.ugelsanchezcarrion.gob.pe\/wordpress\/wp-content\/uploads\/2022\/07\/image-2.png 744w, http:\/\/www.ugelsanchezcarrion.gob.pe\/wordpress\/wp-content\/uploads\/2022\/07\/image-2-300x300.png 300w, http:\/\/www.ugelsanchezcarrion.gob.pe\/wordpress\/wp-content\/uploads\/2022\/07\/image-2-150x150.png 150w\" sizes=\"(max-width: 405px) 100vw, 405px\" \/><\/a><\/figure>\n\n\n\n<hr class=\"wp-block-separator is-style-dots\"\/>\n\n\n\n<p><strong><em><mark style=\"background-color:rgba(0, 0, 0, 0)\" class=\"has-inline-color has-vivid-cyan-blue-color\">Dar clic en la imagen para ver v\u00eddeo<\/mark><\/em><\/strong><\/p>\n\n\n\n<figure class=\"wp-block-image size-full is-resized\"><a href=\"https:\/\/drive.google.com\/file\/d\/1RPo_VLpTVQXB5WO2dy9sfhyfVCPkIKOW\/view?usp=drivesdk\" target=\"_blank\" rel=\"noopener\"><img loading=\"lazy\" src=\"http:\/\/www.ugelsanchezcarrion.gob.pe\/wordpress\/wp-content\/uploads\/2022\/07\/image-3.png\" alt=\"\" class=\"wp-image-15914\" width=\"694\" height=\"374\" srcset=\"http:\/\/www.ugelsanchezcarrion.gob.pe\/wordpress\/wp-content\/uploads\/2022\/07\/image-3.png 893w, http:\/\/www.ugelsanchezcarrion.gob.pe\/wordpress\/wp-content\/uploads\/2022\/07\/image-3-300x162.png 300w, http:\/\/www.ugelsanchezcarrion.gob.pe\/wordpress\/wp-content\/uploads\/2022\/07\/image-3-768x415.png 768w\" sizes=\"(max-width: 694px) 100vw, 694px\" \/><\/a><\/figure>\n","protected":false},"excerpt":{"rendered":"<p>\u2705De La Cruz Rosales Alison Bel\u00e9n, estudiante de 2\u00b0secundaria de la IE Santa Ana San Francisco. \u2705Gabriel Aguirre Giampier Alejandro, estudiante de 3\u00b0secundaria de la IEP Marcelino, Pan y Vino. Dar clic en la imagen para ver v\u00eddeo Dar clic en la imagen para ver v\u00eddeo<\/p>\n","protected":false},"author":1,"featured_media":0,"comment_status":"closed","ping_status":"open","sticky":false,"template":"","format":"aside","meta":[],"categories":[10],"tags":[],"_links":{"self":[{"href":"http:\/\/www.ugelsanchezcarrion.gob.pe\/index.php?rest_route=\/wp\/v2\/posts\/15911"}],"collection":[{"href":"http:\/\/www.ugelsanchezcarrion.gob.pe\/index.php?rest_route=\/wp\/v2\/posts"}],"about":[{"href":"http:\/\/www.ugelsanchezcarrion.gob.pe\/index.php?rest_route=\/wp\/v2\/types\/post"}],"author":[{"embeddable":true,"href":"http:\/\/www.ugelsanchezcarrion.gob.pe\/index.php?rest_route=\/wp\/v2\/users\/1"}],"replies":[{"embeddable":true,"href":"http:\/\/www.ugelsanchezcarrion.gob.pe\/index.php?rest_route=%2Fwp%2Fv2%2Fcomments&post=15911"}],"version-history":[{"count":1,"href":"http:\/\/www.ugelsanchezcarrion.gob.pe\/index.php?rest_route=\/wp\/v2\/posts\/15911\/revisions"}],"predecessor-version":[{"id":15915,"href":"http:\/\/www.ugelsanchezcarrion.gob.pe\/index.php?rest_route=\/wp\/v2\/posts\/15911\/revisions\/15915"}],"wp:attachment":[{"href":"http:\/\/www.ugelsanchezcarrion.gob.pe\/index.php?rest_route=%2Fwp%2Fv2%2Fmedia&parent=15911"}],"wp:term":[{"taxonomy":"category","embeddable":true,"href":"http:\/\/www.ugelsanchezcarrion.gob.pe\/index.php?rest_route=%2Fwp%2Fv2%2Fcategories&post=15911"},{"taxonomy":"post_tag","embeddable":true,"href":"http:\/\/www.ugelsanchezcarrion.gob.pe\/index.php?rest_route=%2Fwp%2Fv2%2Ftags&post=15911"}],"curies":[{"name":"wp","href":"https:\/\/api.w.org\/{rel}","templated":true}]}}