{"id":15923,"date":"2022-07-11T14:12:58","date_gmt":"2022-07-11T19:12:58","guid":{"rendered":"http:\/\/www.ugelsanchezcarrion.gob.pe\/?p=15923"},"modified":"2022-07-11T14:13:17","modified_gmt":"2022-07-11T19:13:17","slug":"invitacion-a-docentes-y-directores-as-a-participar-en-programa-de-capacitacion-sobre-herramientas-digitales-con-enfoque-de-igualdad-de-genero","status":"publish","type":"post","link":"http:\/\/www.ugelsanchezcarrion.gob.pe\/?p=15923","title":{"rendered":"INVITACI\u00d3N A DOCENTES Y DIRECTORES (AS) A PARTICIPAR EN PROGRAMA DE CAPACITACI\u00d3N SOBRE HERRAMIENTAS DIGITALES CON ENFOQUE DE IGUALDAD DE G\u00c9NERO"},"content":{"rendered":"\n<p><strong><mark style=\"background-color:rgba(0, 0, 0, 0)\" class=\"has-inline-color has-vivid-cyan-blue-color\">Dar clic en la imagen para ver comunicado completo<\/mark><\/strong><\/p>\n\n\n\n<figure class=\"wp-block-image size-full\"><a href=\"http:\/\/www.ugelsanchezcarrion.gob.pe\/wordpress\/wp-content\/uploads\/2022\/07\/OFICIO-MULTIPLE-UGEL-PROGRAMA-HERRAMIENTAS-DIGITALES-IDIPS.pdf\" target=\"_blank\" rel=\"noopener\"><img loading=\"lazy\" width=\"925\" height=\"367\" src=\"http:\/\/www.ugelsanchezcarrion.gob.pe\/wordpress\/wp-content\/uploads\/2022\/07\/image-5.png\" alt=\"\" class=\"wp-image-15925\" srcset=\"http:\/\/www.ugelsanchezcarrion.gob.pe\/wordpress\/wp-content\/uploads\/2022\/07\/image-5.png 925w, http:\/\/www.ugelsanchezcarrion.gob.pe\/wordpress\/wp-content\/uploads\/2022\/07\/image-5-300x119.png 300w, http:\/\/www.ugelsanchezcarrion.gob.pe\/wordpress\/wp-content\/uploads\/2022\/07\/image-5-768x305.png 768w\" sizes=\"(max-width: 925px) 100vw, 925px\" \/><\/a><\/figure>\n\n\n\n<hr class=\"wp-block-separator\"\/>\n\n\n\n<p><mark style=\"background-color:rgba(0, 0, 0, 0)\" class=\"has-inline-color has-vivid-red-color\">\u2705<strong><em>Los y las docentes podr\u00e1n inscribirse en el siguiente enlace:<br><\/em><\/strong><\/mark><a href=\"https:\/\/forms.gle\/c8Px7fiCQRvuApKv7\" target=\"_blank\" rel=\"noreferrer noopener\">https:\/\/forms.gle\/c8Px7fiCQRvuApKv7<\/a><\/p>\n","protected":false},"excerpt":{"rendered":"<p>Dar clic en la imagen para ver comunicado completo \u2705Los y las docentes podr\u00e1n inscribirse en el siguiente enlace:https:\/\/forms.gle\/c8Px7fiCQRvuApKv7<\/p>\n","protected":false},"author":1,"featured_media":0,"comment_status":"closed","ping_status":"open","sticky":false,"template":"","format":"aside","meta":[],"categories":[10],"tags":[],"_links":{"self":[{"href":"http:\/\/www.ugelsanchezcarrion.gob.pe\/index.php?rest_route=\/wp\/v2\/posts\/15923"}],"collection":[{"href":"http:\/\/www.ugelsanchezcarrion.gob.pe\/index.php?rest_route=\/wp\/v2\/posts"}],"about":[{"href":"http:\/\/www.ugelsanchezcarrion.gob.pe\/index.php?rest_route=\/wp\/v2\/types\/post"}],"author":[{"embeddable":true,"href":"http:\/\/www.ugelsanchezcarrion.gob.pe\/index.php?rest_route=\/wp\/v2\/users\/1"}],"replies":[{"embeddable":true,"href":"http:\/\/www.ugelsanchezcarrion.gob.pe\/index.php?rest_route=%2Fwp%2Fv2%2Fcomments&post=15923"}],"version-history":[{"count":1,"href":"http:\/\/www.ugelsanchezcarrion.gob.pe\/index.php?rest_route=\/wp\/v2\/posts\/15923\/revisions"}],"predecessor-version":[{"id":15926,"href":"http:\/\/www.ugelsanchezcarrion.gob.pe\/index.php?rest_route=\/wp\/v2\/posts\/15923\/revisions\/15926"}],"wp:attachment":[{"href":"http:\/\/www.ugelsanchezcarrion.gob.pe\/index.php?rest_route=%2Fwp%2Fv2%2Fmedia&parent=15923"}],"wp:term":[{"taxonomy":"category","embeddable":true,"href":"http:\/\/www.ugelsanchezcarrion.gob.pe\/index.php?rest_route=%2Fwp%2Fv2%2Fcategories&post=15923"},{"taxonomy":"post_tag","embeddable":true,"href":"http:\/\/www.ugelsanchezcarrion.gob.pe\/index.php?rest_route=%2Fwp%2Fv2%2Ftags&post=15923"}],"curies":[{"name":"wp","href":"https:\/\/api.w.org\/{rel}","templated":true}]}}