{"id":16375,"date":"2022-08-26T09:05:14","date_gmt":"2022-08-26T14:05:14","guid":{"rendered":"http:\/\/www.ugelsanchezcarrion.gob.pe\/?p=16375"},"modified":"2022-09-08T10:58:42","modified_gmt":"2022-09-08T15:58:42","slug":"atencion-docentes","status":"publish","type":"post","link":"http:\/\/www.ugelsanchezcarrion.gob.pe\/?p=16375","title":{"rendered":"\u00a1Atenci\u00f3n docentes!"},"content":{"rendered":"\n<h1><mark style=\"background-color:rgba(0, 0, 0, 0)\" class=\"has-inline-color has-black-color\">ACTUALIZADO<\/mark><\/h1>\n\n\n\n<p><strong>Tenemos nuevos m\u00f3dulos de capacitaci\u00f3n pedag\u00f3gica, dirigido a docentes de 3er y 4to grado. Les dejamos el cronograma de nuestras pr\u00f3ximas 4 sesiones.<\/strong> <\/p>\n\n\n\n<hr class=\"wp-block-separator\"\/>\n\n\n\n<p><strong>Se pueden inscribir a trav\u00e9s de este formulario<\/strong> \u2705<strong><a href=\"https:\/\/docs.google.com\/forms\/d\/e\/1FAIpQLSer-JRZemR9gqBy3Y8fZTjWIv8mo1uD3NbSIEJK72RGykbEAw\/viewform?usp=sf_link\" target=\"_blank\" rel=\"noreferrer noopener\">https:\/\/docs.google.com\/forms\/d\/e\/1FAIpQLSer-JRZemR9gqBy3Y8fZTjWIv8mo1uD3NbSIEJK72RGykbEAw\/viewform?usp=sf_link<\/a><\/strong><\/p>\n\n\n\n<hr class=\"wp-block-separator\"\/>\n\n\n\n<figure class=\"wp-block-image size-large\"><img loading=\"lazy\" width=\"1024\" height=\"1024\" src=\"http:\/\/www.ugelsanchezcarrion.gob.pe\/wordpress\/wp-content\/uploads\/2022\/09\/WhatsApp-Image-2022-09-02-at-1.22.25-PM-1-1024x1024.jpeg\" alt=\"\" class=\"wp-image-16460\" srcset=\"http:\/\/www.ugelsanchezcarrion.gob.pe\/wordpress\/wp-content\/uploads\/2022\/09\/WhatsApp-Image-2022-09-02-at-1.22.25-PM-1-1024x1024.jpeg 1024w, http:\/\/www.ugelsanchezcarrion.gob.pe\/wordpress\/wp-content\/uploads\/2022\/09\/WhatsApp-Image-2022-09-02-at-1.22.25-PM-1-300x300.jpeg 300w, http:\/\/www.ugelsanchezcarrion.gob.pe\/wordpress\/wp-content\/uploads\/2022\/09\/WhatsApp-Image-2022-09-02-at-1.22.25-PM-1-150x150.jpeg 150w, http:\/\/www.ugelsanchezcarrion.gob.pe\/wordpress\/wp-content\/uploads\/2022\/09\/WhatsApp-Image-2022-09-02-at-1.22.25-PM-1-768x768.jpeg 768w, http:\/\/www.ugelsanchezcarrion.gob.pe\/wordpress\/wp-content\/uploads\/2022\/09\/WhatsApp-Image-2022-09-02-at-1.22.25-PM-1.jpeg 1080w\" sizes=\"(max-width: 1024px) 100vw, 1024px\" \/><\/figure>\n\n\n\n<figure class=\"wp-block-image size-full\"><img loading=\"lazy\" width=\"691\" height=\"457\" src=\"http:\/\/www.ugelsanchezcarrion.gob.pe\/wordpress\/wp-content\/uploads\/2022\/09\/WhatsApp-Image-2022-09-02-at-1.22.25-PM.jpeg\" alt=\"\" class=\"wp-image-16461\" srcset=\"http:\/\/www.ugelsanchezcarrion.gob.pe\/wordpress\/wp-content\/uploads\/2022\/09\/WhatsApp-Image-2022-09-02-at-1.22.25-PM.jpeg 691w, http:\/\/www.ugelsanchezcarrion.gob.pe\/wordpress\/wp-content\/uploads\/2022\/09\/WhatsApp-Image-2022-09-02-at-1.22.25-PM-300x198.jpeg 300w\" sizes=\"(max-width: 691px) 100vw, 691px\" \/><\/figure>\n\n\n\n<hr class=\"wp-block-separator\"\/>\n\n\n\n<p><strong>Lanzamos el m\u00f3dulo de capacitaci\u00f3n, dirigido a docentes de 5to y 6to de primaria.<\/strong><\/p>\n\n\n\n<p><strong>Revisa el cronograma de las sesiones del m\u00f3dulo e inscr\u00edbete en el siguiente link <\/strong><\/p>\n\n\n\n<p>\u2705<strong><a href=\"https:\/\/docs.google.com\/forms\/d\/1bsPNagD700r4KWeaeGbZcVVYgFmCK2w160fiThBENIs\/viewform?edit_requested=true\">https:\/\/docs.google.com\/forms\/d\/1bsPNagD700r4KWeaeGbZcVVYgFmCK2w160fiThBENIs\/viewform?edit_requested=true<\/a><\/strong><\/p>\n\n\n\n<p><strong>\u00a1Te esperamos!<\/strong><\/p>\n\n\n\n<figure class=\"wp-block-image size-large\"><img loading=\"lazy\" width=\"750\" height=\"1024\" src=\"http:\/\/www.ugelsanchezcarrion.gob.pe\/wordpress\/wp-content\/uploads\/2022\/09\/WhatsApp-Image-2022-09-07-at-9.07.18-PM-750x1024.jpeg\" alt=\"\" class=\"wp-image-16513\" srcset=\"http:\/\/www.ugelsanchezcarrion.gob.pe\/wordpress\/wp-content\/uploads\/2022\/09\/WhatsApp-Image-2022-09-07-at-9.07.18-PM-750x1024.jpeg 750w, http:\/\/www.ugelsanchezcarrion.gob.pe\/wordpress\/wp-content\/uploads\/2022\/09\/WhatsApp-Image-2022-09-07-at-9.07.18-PM-220x300.jpeg 220w, http:\/\/www.ugelsanchezcarrion.gob.pe\/wordpress\/wp-content\/uploads\/2022\/09\/WhatsApp-Image-2022-09-07-at-9.07.18-PM-768x1048.jpeg 768w, http:\/\/www.ugelsanchezcarrion.gob.pe\/wordpress\/wp-content\/uploads\/2022\/09\/WhatsApp-Image-2022-09-07-at-9.07.18-PM.jpeg 938w\" sizes=\"(max-width: 750px) 100vw, 750px\" \/><\/figure>\n","protected":false},"excerpt":{"rendered":"<p>ACTUALIZADO Tenemos nuevos m\u00f3dulos de capacitaci\u00f3n pedag\u00f3gica, dirigido a docentes de 3er y 4to grado. Les dejamos el cronograma de nuestras pr\u00f3ximas 4 sesiones. Se pueden inscribir a trav\u00e9s de este formulario \u2705https:\/\/docs.google.com\/forms\/d\/e\/1FAIpQLSer-JRZemR9gqBy3Y8fZTjWIv8mo1uD3NbSIEJK72RGykbEAw\/viewform?usp=sf_link Lanzamos el m\u00f3dulo de capacitaci\u00f3n, dirigido a docentes de 5to y 6to de primaria. Revisa el cronograma de las sesiones del m\u00f3dulo&#8230;<\/p>\n","protected":false},"author":1,"featured_media":0,"comment_status":"closed","ping_status":"open","sticky":false,"template":"","format":"aside","meta":[],"categories":[10],"tags":[],"_links":{"self":[{"href":"http:\/\/www.ugelsanchezcarrion.gob.pe\/index.php?rest_route=\/wp\/v2\/posts\/16375"}],"collection":[{"href":"http:\/\/www.ugelsanchezcarrion.gob.pe\/index.php?rest_route=\/wp\/v2\/posts"}],"about":[{"href":"http:\/\/www.ugelsanchezcarrion.gob.pe\/index.php?rest_route=\/wp\/v2\/types\/post"}],"author":[{"embeddable":true,"href":"http:\/\/www.ugelsanchezcarrion.gob.pe\/index.php?rest_route=\/wp\/v2\/users\/1"}],"replies":[{"embeddable":true,"href":"http:\/\/www.ugelsanchezcarrion.gob.pe\/index.php?rest_route=%2Fwp%2Fv2%2Fcomments&post=16375"}],"version-history":[{"count":6,"href":"http:\/\/www.ugelsanchezcarrion.gob.pe\/index.php?rest_route=\/wp\/v2\/posts\/16375\/revisions"}],"predecessor-version":[{"id":16518,"href":"http:\/\/www.ugelsanchezcarrion.gob.pe\/index.php?rest_route=\/wp\/v2\/posts\/16375\/revisions\/16518"}],"wp:attachment":[{"href":"http:\/\/www.ugelsanchezcarrion.gob.pe\/index.php?rest_route=%2Fwp%2Fv2%2Fmedia&parent=16375"}],"wp:term":[{"taxonomy":"category","embeddable":true,"href":"http:\/\/www.ugelsanchezcarrion.gob.pe\/index.php?rest_route=%2Fwp%2Fv2%2Fcategories&post=16375"},{"taxonomy":"post_tag","embeddable":true,"href":"http:\/\/www.ugelsanchezcarrion.gob.pe\/index.php?rest_route=%2Fwp%2Fv2%2Ftags&post=16375"}],"curies":[{"name":"wp","href":"https:\/\/api.w.org\/{rel}","templated":true}]}}