{"id":16519,"date":"2022-09-08T11:09:05","date_gmt":"2022-09-08T16:09:05","guid":{"rendered":"http:\/\/www.ugelsanchezcarrion.gob.pe\/?p=16519"},"modified":"2022-09-08T11:23:57","modified_gmt":"2022-09-08T16:23:57","slug":"participacion-en-la-apertura-del-programa-de-capacitacion-internacional-a-traves-del-programa-de-formacion-fortaleciendo-la-practica-inclusiva-en-la-region-la-libertad","status":"publish","type":"post","link":"http:\/\/www.ugelsanchezcarrion.gob.pe\/?p=16519","title":{"rendered":"PARTICIPACI\u00d3N EN LA APERTURA DEL PROGRAMA DE CAPACITACI\u00d3N INTERNACIONAL: A TRAV\u00c9S DEL PROGRAMA DE FORMACI\u00d3N \u201cFORTALECIENDO LA PRACTICA INCLUSIVA EN LA REGI\u00d3N LA LIBERTAD.\u201d"},"content":{"rendered":"\n<p><strong><mark style=\"background-color:rgba(0, 0, 0, 0)\" class=\"has-inline-color has-vivid-cyan-blue-color\">Dar clic en la imagen para ver comunicado completo<\/mark><\/strong><\/p>\n\n\n\n<figure class=\"wp-block-image size-full\"><a href=\"http:\/\/www.ugelsanchezcarrion.gob.pe\/wordpress\/wp-content\/uploads\/2022\/09\/OFICIO-MULTIPLE-000618-2022-GGR-GRE.pdf\" target=\"_blank\" rel=\"noopener\"><img loading=\"lazy\" width=\"1015\" height=\"274\" src=\"http:\/\/www.ugelsanchezcarrion.gob.pe\/wordpress\/wp-content\/uploads\/2022\/09\/image-16.png\" alt=\"\" class=\"wp-image-16520\" srcset=\"http:\/\/www.ugelsanchezcarrion.gob.pe\/wordpress\/wp-content\/uploads\/2022\/09\/image-16.png 1015w, http:\/\/www.ugelsanchezcarrion.gob.pe\/wordpress\/wp-content\/uploads\/2022\/09\/image-16-300x81.png 300w, http:\/\/www.ugelsanchezcarrion.gob.pe\/wordpress\/wp-content\/uploads\/2022\/09\/image-16-768x207.png 768w\" sizes=\"(max-width: 1015px) 100vw, 1015px\" \/><\/a><\/figure>\n\n\n\n<hr class=\"wp-block-separator\"\/>\n\n\n\n<figure class=\"wp-block-image size-full\"><img loading=\"lazy\" width=\"524\" height=\"754\" src=\"http:\/\/www.ugelsanchezcarrion.gob.pe\/wordpress\/wp-content\/uploads\/2022\/09\/WhatsApp-Image-2022-09-08-at-11.02.22-AM.jpeg\" alt=\"\" class=\"wp-image-16521\" srcset=\"http:\/\/www.ugelsanchezcarrion.gob.pe\/wordpress\/wp-content\/uploads\/2022\/09\/WhatsApp-Image-2022-09-08-at-11.02.22-AM.jpeg 524w, http:\/\/www.ugelsanchezcarrion.gob.pe\/wordpress\/wp-content\/uploads\/2022\/09\/WhatsApp-Image-2022-09-08-at-11.02.22-AM-208x300.jpeg 208w\" sizes=\"(max-width: 524px) 100vw, 524px\" \/><\/figure>\n\n\n\n<hr class=\"wp-block-separator is-style-dots\"\/>\n\n\n\n<p><strong>La CEREMONIA DE APERTURA, que se realizar\u00e1 el d\u00eda s\u00e1bado<br>10 de Setiembre a las 09:00 hrs en la EXPLANADA DE LA UNIVERSIDAD CESAR VALLEJO \u2013<br>TRUJILLO.<\/strong> <strong><mark style=\"background-color:rgba(0, 0, 0, 0);color:#ff0000\" class=\"has-inline-color\">\u2013 LINK DE INSCRIPCION: <\/mark><\/strong>\u2705<strong><a href=\"https:\/\/forms.gle\/anmY9w2pdf3PFVmh9\" target=\"_blank\" rel=\"noreferrer noopener\">https:\/\/forms.gle\/anmY9w2pdf3PFVmh9<\/a><\/strong><\/p>\n","protected":false},"excerpt":{"rendered":"<p>Dar clic en la imagen para ver comunicado completo La CEREMONIA DE APERTURA, que se realizar\u00e1 el d\u00eda s\u00e1bado10 de Setiembre a las 09:00 hrs en la EXPLANADA DE LA UNIVERSIDAD CESAR VALLEJO \u2013TRUJILLO. \u2013 LINK DE INSCRIPCION: \u2705https:\/\/forms.gle\/anmY9w2pdf3PFVmh9<\/p>\n","protected":false},"author":1,"featured_media":0,"comment_status":"closed","ping_status":"open","sticky":false,"template":"","format":"aside","meta":[],"categories":[10],"tags":[],"_links":{"self":[{"href":"http:\/\/www.ugelsanchezcarrion.gob.pe\/index.php?rest_route=\/wp\/v2\/posts\/16519"}],"collection":[{"href":"http:\/\/www.ugelsanchezcarrion.gob.pe\/index.php?rest_route=\/wp\/v2\/posts"}],"about":[{"href":"http:\/\/www.ugelsanchezcarrion.gob.pe\/index.php?rest_route=\/wp\/v2\/types\/post"}],"author":[{"embeddable":true,"href":"http:\/\/www.ugelsanchezcarrion.gob.pe\/index.php?rest_route=\/wp\/v2\/users\/1"}],"replies":[{"embeddable":true,"href":"http:\/\/www.ugelsanchezcarrion.gob.pe\/index.php?rest_route=%2Fwp%2Fv2%2Fcomments&post=16519"}],"version-history":[{"count":2,"href":"http:\/\/www.ugelsanchezcarrion.gob.pe\/index.php?rest_route=\/wp\/v2\/posts\/16519\/revisions"}],"predecessor-version":[{"id":16524,"href":"http:\/\/www.ugelsanchezcarrion.gob.pe\/index.php?rest_route=\/wp\/v2\/posts\/16519\/revisions\/16524"}],"wp:attachment":[{"href":"http:\/\/www.ugelsanchezcarrion.gob.pe\/index.php?rest_route=%2Fwp%2Fv2%2Fmedia&parent=16519"}],"wp:term":[{"taxonomy":"category","embeddable":true,"href":"http:\/\/www.ugelsanchezcarrion.gob.pe\/index.php?rest_route=%2Fwp%2Fv2%2Fcategories&post=16519"},{"taxonomy":"post_tag","embeddable":true,"href":"http:\/\/www.ugelsanchezcarrion.gob.pe\/index.php?rest_route=%2Fwp%2Fv2%2Ftags&post=16519"}],"curies":[{"name":"wp","href":"https:\/\/api.w.org\/{rel}","templated":true}]}}