{"id":1686,"date":"2017-04-21T12:08:57","date_gmt":"2017-04-21T17:08:57","guid":{"rendered":"http:\/\/38.242.151.198\/\/?p=1686"},"modified":"2017-04-26T18:06:06","modified_gmt":"2017-04-26T23:06:06","slug":"personal-omiso-no-registrado-sistema-legix-urgente","status":"publish","type":"post","link":"http:\/\/www.ugelsanchezcarrion.gob.pe\/?p=1686","title":{"rendered":"PERSONAL OMISO NO REGISTRADO EN SISTEMA LEGIX <span class=\"label label-danger\">Urgente<\/span>"},"content":{"rendered":"<p><em><strong>SE COMUNICA CON CAR\u00c1CTER DE URGENCIA AL PERSONAL DOCENTE NOMBRADO ACTIVO QUE SE ENCUENTRAN OMISOS EN ESCALAF\u00d3N (LEER LA RELACI\u00d3N ADJUNTA DE DOCENTES), QUE DEBER\u00c1N ACERCARSE A LAS INSTALACIONES DE LA OFICINA DE ESCALAF\u00d3N DE LA UGEL S\u00c1NCHEZ CARRI\u00d3N, EL D\u00cdA S\u00c1BADO 29 DE ABRIL DEL PRESENTE A\u00d1O, CON LA FINALIDAD DE REGULARIZAR LOS TR\u00c1MITES PERTINENTES. DE NO PRESENTARSE SER\u00c1N SACADOS DEL SISTEMA DE DOCENTES ESTABLES Y AFECTADOS EN EL PAGO DE SUS REMUNERACIONES DEL MES DE MAYO.<\/strong><\/em><\/p>\n<p><span style=\"color: #ff0000;\"><em><strong>Clic sobre la imagen para visualizar todo el documento<\/strong><\/em><\/span><\/p>\n<p><a href=\"http:\/\/38.242.151.198\/\/wordpress\/wp-content\/uploads\/2017\/04\/La-Oficina-de-escalaf\u00f3n-de-la-Ugel-S\u00e1nchez-Carri\u00f3n-contin\u00faa-en-el.pdf\"><img loading=\"lazy\" class=\"alignnone wp-image-1680 size-large\" src=\"http:\/\/38.242.151.198\/\/wordpress\/wp-content\/uploads\/2017\/04\/La-Oficina-de-escalaf\u00f3n-de-la-Ugel-S\u00e1nchez-Carri\u00f3n-contin\u00faa-en-el_001-1024x625.jpg\" alt=\"\" width=\"640\" height=\"391\" srcset=\"http:\/\/www.ugelsanchezcarrion.gob.pe\/wordpress\/wp-content\/uploads\/2017\/04\/La-Oficina-de-escalaf\u00f3n-de-la-Ugel-S\u00e1nchez-Carri\u00f3n-contin\u00faa-en-el_001-1024x625.jpg 1024w, http:\/\/www.ugelsanchezcarrion.gob.pe\/wordpress\/wp-content\/uploads\/2017\/04\/La-Oficina-de-escalaf\u00f3n-de-la-Ugel-S\u00e1nchez-Carri\u00f3n-contin\u00faa-en-el_001-300x183.jpg 300w, http:\/\/www.ugelsanchezcarrion.gob.pe\/wordpress\/wp-content\/uploads\/2017\/04\/La-Oficina-de-escalaf\u00f3n-de-la-Ugel-S\u00e1nchez-Carri\u00f3n-contin\u00faa-en-el_001-768x469.jpg 768w, http:\/\/www.ugelsanchezcarrion.gob.pe\/wordpress\/wp-content\/uploads\/2017\/04\/La-Oficina-de-escalaf\u00f3n-de-la-Ugel-S\u00e1nchez-Carri\u00f3n-contin\u00faa-en-el_001.jpg 1277w\" sizes=\"(max-width: 640px) 100vw, 640px\" \/><\/a><\/p>\n<p>&nbsp;<\/p>\n<p><strong><em>Se les ha convocado por radio en m\u00faltiples ocasiones, pero lamentablemente no se ha tenido eco\u00a0al respecto, SIENDO\u00a0RESPONSABILIDAD DE CADA DOCENTE ADJUNTAR SU DOCUMENTACI\u00d3N, PERSONAL, LABORAL Y PROFESIONAL, seg\u00fan Instructivo de escalaf\u00f3n aprobado mediante Resoluci\u00f3n Ministerial 563-2015-ED.<\/em><\/strong><\/p>\n<p>&nbsp;<\/p>\n<p>&nbsp;<\/p>\n<p><i class=\"fa fa-hand-o-right\" aria-hidden=\"true\"><\/i> <i class=\"fa fa-file-pdf-o\" aria-hidden=\"true\"><\/i> <a href=\"http:\/\/38.242.151.198\/\/wordpress\/wp-content\/uploads\/2017\/04\/RM-563-2015-MINEDU.pdf\" target=\"_blank\" rel=\"noopener noreferrer\"><strong>RM 563-2015-MINEDU<\/strong><\/a><\/p>\n<h2><span style=\"color: #ff0000;\"><em><strong>DOCUMENTOS A ADJUNTAR<\/strong><\/em><\/span><\/h2>\n<p>&nbsp;<\/p>\n<p><i class=\"fa fa-hand-o-right\" aria-hidden=\"true\"><\/i> <i class=\"fa fa-file-pdf-o\" aria-hidden=\"true\"><\/i> <a href=\"http:\/\/38.242.151.198\/\/wordpress\/wp-content\/uploads\/2017\/04\/DECLARACI\u00d3N-JURADA-SIMPLE.pdf\" target=\"_blank\" rel=\"noopener noreferrer\"><em><strong>DECLARACI\u00d3N JURADA SIMPLE<\/strong><\/em><\/a><\/p>\n<p><i class=\"fa fa-hand-o-right\" aria-hidden=\"true\"><\/i> <i class=\"fa fa-file-pdf-o\" aria-hidden=\"true\"><\/i> <a href=\"http:\/\/38.242.151.198\/\/wordpress\/wp-content\/uploads\/2017\/04\/BOLETA-PERSONAL.pdf\" target=\"_blank\" rel=\"noopener noreferrer\"><em><strong>BOLETA PERSONAL<\/strong><\/em><\/a><\/p>\n<h2><\/h2>\n<h2><\/h2>\n<h2><\/h2>\n<h2><\/h2>\n<h2><\/h2>\n<p>&nbsp;<\/p>\n<p>&nbsp;<\/p>\n<p>&nbsp;<\/p>\n","protected":false},"excerpt":{"rendered":"<p>SE COMUNICA CON CAR\u00c1CTER DE URGENCIA AL PERSONAL DOCENTE NOMBRADO ACTIVO QUE SE ENCUENTRAN OMISOS EN ESCALAF\u00d3N (LEER LA RELACI\u00d3N ADJUNTA DE DOCENTES), QUE DEBER\u00c1N ACERCARSE A LAS INSTALACIONES DE LA OFICINA DE ESCALAF\u00d3N DE LA UGEL S\u00c1NCHEZ CARRI\u00d3N, EL D\u00cdA S\u00c1BADO 29 DE ABRIL DEL PRESENTE A\u00d1O, CON LA FINALIDAD DE REGULARIZAR LOS TR\u00c1MITES&#8230;<\/p>\n","protected":false},"author":1,"featured_media":0,"comment_status":"closed","ping_status":"open","sticky":false,"template":"","format":"image","meta":[],"categories":[10],"tags":[],"_links":{"self":[{"href":"http:\/\/www.ugelsanchezcarrion.gob.pe\/index.php?rest_route=\/wp\/v2\/posts\/1686"}],"collection":[{"href":"http:\/\/www.ugelsanchezcarrion.gob.pe\/index.php?rest_route=\/wp\/v2\/posts"}],"about":[{"href":"http:\/\/www.ugelsanchezcarrion.gob.pe\/index.php?rest_route=\/wp\/v2\/types\/post"}],"author":[{"embeddable":true,"href":"http:\/\/www.ugelsanchezcarrion.gob.pe\/index.php?rest_route=\/wp\/v2\/users\/1"}],"replies":[{"embeddable":true,"href":"http:\/\/www.ugelsanchezcarrion.gob.pe\/index.php?rest_route=%2Fwp%2Fv2%2Fcomments&post=1686"}],"version-history":[{"count":3,"href":"http:\/\/www.ugelsanchezcarrion.gob.pe\/index.php?rest_route=\/wp\/v2\/posts\/1686\/revisions"}],"predecessor-version":[{"id":1713,"href":"http:\/\/www.ugelsanchezcarrion.gob.pe\/index.php?rest_route=\/wp\/v2\/posts\/1686\/revisions\/1713"}],"wp:attachment":[{"href":"http:\/\/www.ugelsanchezcarrion.gob.pe\/index.php?rest_route=%2Fwp%2Fv2%2Fmedia&parent=1686"}],"wp:term":[{"taxonomy":"category","embeddable":true,"href":"http:\/\/www.ugelsanchezcarrion.gob.pe\/index.php?rest_route=%2Fwp%2Fv2%2Fcategories&post=1686"},{"taxonomy":"post_tag","embeddable":true,"href":"http:\/\/www.ugelsanchezcarrion.gob.pe\/index.php?rest_route=%2Fwp%2Fv2%2Ftags&post=1686"}],"curies":[{"name":"wp","href":"https:\/\/api.w.org\/{rel}","templated":true}]}}