{"id":17229,"date":"2022-11-04T11:09:32","date_gmt":"2022-11-04T16:09:32","guid":{"rendered":"http:\/\/www.ugelsanchezcarrion.gob.pe\/?p=17229"},"modified":"2022-11-04T11:09:38","modified_gmt":"2022-11-04T16:09:38","slug":"estimados-colegas-les-recordamos-que-hoy-a-las-500-p-m-se-llevara-a-cabo-el-webinar-sobre-uso-pedagogico-de-los-aplicativos-para-reforzar-la-areas-de-comunicacion-y-matematica","status":"publish","type":"post","link":"http:\/\/www.ugelsanchezcarrion.gob.pe\/?p=17229","title":{"rendered":"Estimados colegas, les recordamos que hoy a las 5:00 p.m. se llevar\u00e1 a cabo el Webinar sobre Uso pedag\u00f3gico de los aplicativos para reforzar la \u00e1reas de Comunicaci\u00f3n y Matem\u00e1tica"},"content":{"rendered":"\n<p><strong>Podr\u00e1n acceder al webinar en el siguiente link: <\/strong>\u2705<strong><a href=\"https:\/\/fb.me\/e\/2NipV3rPV?ti=wa\">https:\/\/fb.me\/e\/2NipV3rPV?ti=wa<\/a><\/strong> <\/p>\n\n\n\n<p><strong>Agradecer\u00e9 su apoyo para difundir el evento entre sus redes de la regi\u00f3n. Gracias. Un abrazo.<\/strong><\/p>\n\n\n\n<div class=\"wp-block-image is-style-default\"><figure class=\"aligncenter size-full\"><img loading=\"lazy\" width=\"625\" height=\"625\" src=\"http:\/\/www.ugelsanchezcarrion.gob.pe\/wordpress\/wp-content\/uploads\/2022\/11\/WhatsApp-Image-2022-11-04-at-10.59.24.jpeg\" alt=\"\" class=\"wp-image-17232\" srcset=\"http:\/\/www.ugelsanchezcarrion.gob.pe\/wordpress\/wp-content\/uploads\/2022\/11\/WhatsApp-Image-2022-11-04-at-10.59.24.jpeg 625w, http:\/\/www.ugelsanchezcarrion.gob.pe\/wordpress\/wp-content\/uploads\/2022\/11\/WhatsApp-Image-2022-11-04-at-10.59.24-300x300.jpeg 300w, http:\/\/www.ugelsanchezcarrion.gob.pe\/wordpress\/wp-content\/uploads\/2022\/11\/WhatsApp-Image-2022-11-04-at-10.59.24-150x150.jpeg 150w\" sizes=\"(max-width: 625px) 100vw, 625px\" \/><\/figure><\/div>\n","protected":false},"excerpt":{"rendered":"<p>Podr\u00e1n acceder al webinar en el siguiente link: \u2705https:\/\/fb.me\/e\/2NipV3rPV?ti=wa Agradecer\u00e9 su apoyo para difundir el evento entre sus redes de la regi\u00f3n. Gracias. Un abrazo.<\/p>\n","protected":false},"author":1,"featured_media":0,"comment_status":"closed","ping_status":"open","sticky":false,"template":"","format":"aside","meta":[],"categories":[10],"tags":[],"_links":{"self":[{"href":"http:\/\/www.ugelsanchezcarrion.gob.pe\/index.php?rest_route=\/wp\/v2\/posts\/17229"}],"collection":[{"href":"http:\/\/www.ugelsanchezcarrion.gob.pe\/index.php?rest_route=\/wp\/v2\/posts"}],"about":[{"href":"http:\/\/www.ugelsanchezcarrion.gob.pe\/index.php?rest_route=\/wp\/v2\/types\/post"}],"author":[{"embeddable":true,"href":"http:\/\/www.ugelsanchezcarrion.gob.pe\/index.php?rest_route=\/wp\/v2\/users\/1"}],"replies":[{"embeddable":true,"href":"http:\/\/www.ugelsanchezcarrion.gob.pe\/index.php?rest_route=%2Fwp%2Fv2%2Fcomments&post=17229"}],"version-history":[{"count":1,"href":"http:\/\/www.ugelsanchezcarrion.gob.pe\/index.php?rest_route=\/wp\/v2\/posts\/17229\/revisions"}],"predecessor-version":[{"id":17233,"href":"http:\/\/www.ugelsanchezcarrion.gob.pe\/index.php?rest_route=\/wp\/v2\/posts\/17229\/revisions\/17233"}],"wp:attachment":[{"href":"http:\/\/www.ugelsanchezcarrion.gob.pe\/index.php?rest_route=%2Fwp%2Fv2%2Fmedia&parent=17229"}],"wp:term":[{"taxonomy":"category","embeddable":true,"href":"http:\/\/www.ugelsanchezcarrion.gob.pe\/index.php?rest_route=%2Fwp%2Fv2%2Fcategories&post=17229"},{"taxonomy":"post_tag","embeddable":true,"href":"http:\/\/www.ugelsanchezcarrion.gob.pe\/index.php?rest_route=%2Fwp%2Fv2%2Ftags&post=17229"}],"curies":[{"name":"wp","href":"https:\/\/api.w.org\/{rel}","templated":true}]}}