{"id":17400,"date":"2022-11-17T17:39:50","date_gmt":"2022-11-17T22:39:50","guid":{"rendered":"http:\/\/www.ugelsanchezcarrion.gob.pe\/?p=17400"},"modified":"2022-11-17T21:31:13","modified_gmt":"2022-11-18T02:31:13","slug":"comunicado-proceso-de-reasignacion-docente-por-motivo-de-racionalizacion","status":"publish","type":"post","link":"http:\/\/www.ugelsanchezcarrion.gob.pe\/?p=17400","title":{"rendered":"COMUNICADO &#8211; PROCESO DE REASIGNACI\u00d3N DOCENTE POR MOTIVO DE RACIONALIZACI\u00d3N"},"content":{"rendered":"\n<p><strong><mark style=\"background-color:rgba(0, 0, 0, 0)\" class=\"has-inline-color has-vivid-cyan-blue-color\">Dar clic en la imagen para ver el comunicado completo<\/mark><\/strong><\/p>\n\n\n\n<figure class=\"wp-block-image size-full\"><a href=\"http:\/\/www.ugelsanchezcarrion.gob.pe\/wordpress\/wp-content\/uploads\/2022\/11\/PDF-Scanner-17-11-22-5.31.44.pdf\" target=\"_blank\" rel=\"noopener\"><img loading=\"lazy\" width=\"919\" height=\"466\" src=\"http:\/\/www.ugelsanchezcarrion.gob.pe\/wordpress\/wp-content\/uploads\/2022\/11\/image-24.png\" alt=\"\" class=\"wp-image-17402\" srcset=\"http:\/\/www.ugelsanchezcarrion.gob.pe\/wordpress\/wp-content\/uploads\/2022\/11\/image-24.png 919w, http:\/\/www.ugelsanchezcarrion.gob.pe\/wordpress\/wp-content\/uploads\/2022\/11\/image-24-300x152.png 300w, http:\/\/www.ugelsanchezcarrion.gob.pe\/wordpress\/wp-content\/uploads\/2022\/11\/image-24-768x389.png 768w\" sizes=\"(max-width: 919px) 100vw, 919px\" \/><\/a><\/figure>\n\n\n\n<hr class=\"wp-block-separator\"\/>\n\n\n\n<p><strong>PLAZAS VACANTES PARA REASIGNACION DOCENTE POR MOTIVO DE RACIONALIZACION 2022, REPORTADAS POR MINEDU AL DIRECTOR DE UGEL SANCHEZ CARRION<\/strong> \u27a1\ufe0f <a href=\"http:\/\/www.ugelsanchezcarrion.gob.pe\/wordpress\/wp-content\/uploads\/2022\/11\/plazas-vacantes-convertidas-a-1-1.pdf\" target=\"_blank\" rel=\"noreferrer noopener\"><img loading=\"lazy\" width=\"96\" height=\"96\" class=\"wp-image-16301\" style=\"width: 50px;\" src=\"http:\/\/www.ugelsanchezcarrion.gob.pe\/wordpress\/wp-content\/uploads\/2022\/08\/image-31.png\" alt=\"\"><\/a><\/p>\n\n\n\n<hr class=\"wp-block-separator is-style-dots\"\/>\n\n\n\n<p><strong>ADEM\u00c1S SE PUBLICA LAS PLAZAS ANTIGUAS PARA EL PROCESO DE REASIGNACI\u00d3N DOCENTE POR MOTIVO DE RACIONALIZACI\u00d3N 2022<\/strong> \u27a1\ufe0f <a href=\"http:\/\/www.ugelsanchezcarrion.gob.pe\/wordpress\/wp-content\/uploads\/2022\/11\/plazas-vacantes-antiguas_rotated.pdf\" target=\"_blank\" rel=\"noreferrer noopener\"><img loading=\"lazy\" width=\"96\" height=\"96\" class=\"wp-image-16301\" style=\"width: 50px;\" src=\"http:\/\/www.ugelsanchezcarrion.gob.pe\/wordpress\/wp-content\/uploads\/2022\/08\/image-31.png\" alt=\"\"><\/a><\/p>\n","protected":false},"excerpt":{"rendered":"<p>Dar clic en la imagen para ver el comunicado completo PLAZAS VACANTES PARA REASIGNACION DOCENTE POR MOTIVO DE RACIONALIZACION 2022, REPORTADAS POR MINEDU AL DIRECTOR DE UGEL SANCHEZ CARRION \u27a1\ufe0f ADEM\u00c1S SE PUBLICA LAS PLAZAS ANTIGUAS PARA EL PROCESO DE REASIGNACI\u00d3N DOCENTE POR MOTIVO DE RACIONALIZACI\u00d3N 2022 \u27a1\ufe0f<\/p>\n","protected":false},"author":1,"featured_media":0,"comment_status":"closed","ping_status":"open","sticky":false,"template":"","format":"aside","meta":[],"categories":[10],"tags":[],"_links":{"self":[{"href":"http:\/\/www.ugelsanchezcarrion.gob.pe\/index.php?rest_route=\/wp\/v2\/posts\/17400"}],"collection":[{"href":"http:\/\/www.ugelsanchezcarrion.gob.pe\/index.php?rest_route=\/wp\/v2\/posts"}],"about":[{"href":"http:\/\/www.ugelsanchezcarrion.gob.pe\/index.php?rest_route=\/wp\/v2\/types\/post"}],"author":[{"embeddable":true,"href":"http:\/\/www.ugelsanchezcarrion.gob.pe\/index.php?rest_route=\/wp\/v2\/users\/1"}],"replies":[{"embeddable":true,"href":"http:\/\/www.ugelsanchezcarrion.gob.pe\/index.php?rest_route=%2Fwp%2Fv2%2Fcomments&post=17400"}],"version-history":[{"count":4,"href":"http:\/\/www.ugelsanchezcarrion.gob.pe\/index.php?rest_route=\/wp\/v2\/posts\/17400\/revisions"}],"predecessor-version":[{"id":17414,"href":"http:\/\/www.ugelsanchezcarrion.gob.pe\/index.php?rest_route=\/wp\/v2\/posts\/17400\/revisions\/17414"}],"wp:attachment":[{"href":"http:\/\/www.ugelsanchezcarrion.gob.pe\/index.php?rest_route=%2Fwp%2Fv2%2Fmedia&parent=17400"}],"wp:term":[{"taxonomy":"category","embeddable":true,"href":"http:\/\/www.ugelsanchezcarrion.gob.pe\/index.php?rest_route=%2Fwp%2Fv2%2Fcategories&post=17400"},{"taxonomy":"post_tag","embeddable":true,"href":"http:\/\/www.ugelsanchezcarrion.gob.pe\/index.php?rest_route=%2Fwp%2Fv2%2Ftags&post=17400"}],"curies":[{"name":"wp","href":"https:\/\/api.w.org\/{rel}","templated":true}]}}