{"id":18488,"date":"2023-03-03T18:04:19","date_gmt":"2023-03-03T23:04:19","guid":{"rendered":"http:\/\/www.ugelsanchezcarrion.gob.pe\/?p=18488"},"modified":"2023-03-06T11:05:43","modified_gmt":"2023-03-06T16:05:43","slug":"adjudicacion-ebr-primaria-educacion-fisica-2023","status":"publish","type":"post","link":"http:\/\/www.ugelsanchezcarrion.gob.pe\/?p=18488","title":{"rendered":"ADJUDICACI\u00d3N EBR PRIMARIA &#8211; EDUCACI\u00d3N F\u00cdSICA &#8211; 2023"},"content":{"rendered":"\n<p><strong>Dar clic en la imagen para ver comunicado completo<\/strong><\/p>\n\n\n\n<figure class=\"wp-block-image size-full\"><a href=\"http:\/\/www.ugelsanchezcarrion.gob.pe\/wordpress\/wp-content\/uploads\/2023\/03\/COMUNICADO-ADJUDICACION-EEFF-PRIMARIA.pdf\" target=\"_blank\" rel=\"noopener\"><img loading=\"lazy\" width=\"877\" height=\"640\" src=\"http:\/\/www.ugelsanchezcarrion.gob.pe\/wordpress\/wp-content\/uploads\/2023\/03\/image-7.png\" alt=\"\" class=\"wp-image-18490\" srcset=\"http:\/\/www.ugelsanchezcarrion.gob.pe\/wordpress\/wp-content\/uploads\/2023\/03\/image-7.png 877w, http:\/\/www.ugelsanchezcarrion.gob.pe\/wordpress\/wp-content\/uploads\/2023\/03\/image-7-300x219.png 300w, http:\/\/www.ugelsanchezcarrion.gob.pe\/wordpress\/wp-content\/uploads\/2023\/03\/image-7-768x560.png 768w\" sizes=\"(max-width: 877px) 100vw, 877px\" \/><\/a><\/figure>\n\n\n\n<hr class=\"wp-block-separator\"\/>\n\n\n\n<p class=\"has-text-align-center\"><a href=\"http:\/\/www.ugelsanchezcarrion.gob.pe\/wordpress\/wp-content\/uploads\/2023\/03\/PLAZAS-EDUCACION-FISICA-PRIMARIA_rotated.pdf\" target=\"_blank\" rel=\"noreferrer noopener\"><img loading=\"lazy\" width=\"40\" height=\"40\" class=\"wp-image-18493\" style=\"width: 50px;\" src=\"http:\/\/www.ugelsanchezcarrion.gob.pe\/wordpress\/wp-content\/uploads\/2023\/03\/icons8-descargar-de-la-nube.gif\" alt=\"\"><\/a><\/p>\n\n\n\n<p class=\"has-text-align-center\"><strong>PLAZAS VACANTES PRIMARIA EDUCACI\u00d3N F\u00cdSICA<\/strong><\/p>\n","protected":false},"excerpt":{"rendered":"<p>Dar clic en la imagen para ver comunicado completo PLAZAS VACANTES PRIMARIA EDUCACI\u00d3N F\u00cdSICA<\/p>\n","protected":false},"author":1,"featured_media":0,"comment_status":"closed","ping_status":"open","sticky":false,"template":"","format":"aside","meta":[],"categories":[26],"tags":[],"_links":{"self":[{"href":"http:\/\/www.ugelsanchezcarrion.gob.pe\/index.php?rest_route=\/wp\/v2\/posts\/18488"}],"collection":[{"href":"http:\/\/www.ugelsanchezcarrion.gob.pe\/index.php?rest_route=\/wp\/v2\/posts"}],"about":[{"href":"http:\/\/www.ugelsanchezcarrion.gob.pe\/index.php?rest_route=\/wp\/v2\/types\/post"}],"author":[{"embeddable":true,"href":"http:\/\/www.ugelsanchezcarrion.gob.pe\/index.php?rest_route=\/wp\/v2\/users\/1"}],"replies":[{"embeddable":true,"href":"http:\/\/www.ugelsanchezcarrion.gob.pe\/index.php?rest_route=%2Fwp%2Fv2%2Fcomments&post=18488"}],"version-history":[{"count":2,"href":"http:\/\/www.ugelsanchezcarrion.gob.pe\/index.php?rest_route=\/wp\/v2\/posts\/18488\/revisions"}],"predecessor-version":[{"id":18495,"href":"http:\/\/www.ugelsanchezcarrion.gob.pe\/index.php?rest_route=\/wp\/v2\/posts\/18488\/revisions\/18495"}],"wp:attachment":[{"href":"http:\/\/www.ugelsanchezcarrion.gob.pe\/index.php?rest_route=%2Fwp%2Fv2%2Fmedia&parent=18488"}],"wp:term":[{"taxonomy":"category","embeddable":true,"href":"http:\/\/www.ugelsanchezcarrion.gob.pe\/index.php?rest_route=%2Fwp%2Fv2%2Fcategories&post=18488"},{"taxonomy":"post_tag","embeddable":true,"href":"http:\/\/www.ugelsanchezcarrion.gob.pe\/index.php?rest_route=%2Fwp%2Fv2%2Ftags&post=18488"}],"curies":[{"name":"wp","href":"https:\/\/api.w.org\/{rel}","templated":true}]}}