{"id":2612,"date":"2017-10-03T17:49:34","date_gmt":"2017-10-03T22:49:34","guid":{"rendered":"http:\/\/38.242.151.198\/\/?p=2612"},"modified":"2017-10-03T17:49:34","modified_gmt":"2017-10-03T22:49:34","slug":"citacion-administrativos-afiliados-la-sitase-s-c","status":"publish","type":"post","link":"http:\/\/www.ugelsanchezcarrion.gob.pe\/?p=2612","title":{"rendered":"Citaci\u00f3n Administrativos afiliados a la SITASE S.C."},"content":{"rendered":"<p><img loading=\"lazy\" class=\"alignnone wp-image-2613 size-full\" src=\"http:\/\/38.242.151.198\/\/wordpress\/wp-content\/uploads\/2017\/10\/CITACION.jpg\" alt=\"\" width=\"600\" height=\"450\" srcset=\"http:\/\/www.ugelsanchezcarrion.gob.pe\/wordpress\/wp-content\/uploads\/2017\/10\/CITACION.jpg 600w, http:\/\/www.ugelsanchezcarrion.gob.pe\/wordpress\/wp-content\/uploads\/2017\/10\/CITACION-300x225.jpg 300w\" sizes=\"(max-width: 600px) 100vw, 600px\" \/><\/p>\n<p><strong><em><u>CITACI\u00d3N<\/u><\/em><\/strong><\/p>\n<p>Se cita a todos los trabajadores Administrativos de las Instituciones Educativas del \u00e1mbito de la<\/p>\n<p>UGLE S\u00e1nchez Carri\u00f3n <strong><em>afiliados a la SITASE S.C<\/em><\/strong>. a la reuni\u00f3n que se llevara a cabo el d\u00eda jueves<\/p>\n<p>05 de octubre en la I.E. \u201c La Inmaculada\u201d a las 3:00 pm en donde se tratara la siguiente agenda:<\/p>\n<p>1.-\u00a0\u00a0 INFORME SOBRE LOS TERNOS (INDUMENTARIA)<\/p>\n<p>2.-\u00a0\u00a0 INFORME SOBRE LA DIFERENCIAL<\/p>\n<p>3.-\u00a0\u00a0 COMPENSACI\u00d3N NO ECON\u00d3MICA DE S\/. 650.00 NUEVOS SOLES<\/p>\n<p>&nbsp;<\/p>\n<p>NOTA:\u00a0 SE PIDE SU RESPONSABILIDAD Y PUNTUAL ASISTENCIA<\/p>\n<p>&nbsp;<\/p>\n<p>Atentamente,<\/p>\n<p>NARCIZO JARA SANCHO<\/p>\n<p>SECRETARIO GENERAL SITASE S.C.<\/p>\n<p>&nbsp;<\/p>\n<p>&nbsp;<\/p>\n<p>&nbsp;<\/p>\n<p>&nbsp;<\/p>\n<p>&nbsp;<\/p>\n<p>&nbsp;<\/p>\n<p>&nbsp;<\/p>\n<p>&nbsp;<\/p>\n<p>&nbsp;<\/p>\n<p>&nbsp;<\/p>\n<p>&nbsp;<\/p>\n<p>&nbsp;<\/p>\n","protected":false},"excerpt":{"rendered":"<p>CITACI\u00d3N Se cita a todos los trabajadores Administrativos de las Instituciones Educativas del \u00e1mbito de la UGLE S\u00e1nchez Carri\u00f3n afiliados a la SITASE S.C. a la reuni\u00f3n que se llevara a cabo el d\u00eda jueves 05 de octubre en la I.E. \u201c La Inmaculada\u201d a las 3:00 pm en donde se tratara la siguiente agenda:&#8230;<\/p>\n","protected":false},"author":1,"featured_media":0,"comment_status":"closed","ping_status":"open","sticky":false,"template":"","format":"aside","meta":[],"categories":[10],"tags":[],"_links":{"self":[{"href":"http:\/\/www.ugelsanchezcarrion.gob.pe\/index.php?rest_route=\/wp\/v2\/posts\/2612"}],"collection":[{"href":"http:\/\/www.ugelsanchezcarrion.gob.pe\/index.php?rest_route=\/wp\/v2\/posts"}],"about":[{"href":"http:\/\/www.ugelsanchezcarrion.gob.pe\/index.php?rest_route=\/wp\/v2\/types\/post"}],"author":[{"embeddable":true,"href":"http:\/\/www.ugelsanchezcarrion.gob.pe\/index.php?rest_route=\/wp\/v2\/users\/1"}],"replies":[{"embeddable":true,"href":"http:\/\/www.ugelsanchezcarrion.gob.pe\/index.php?rest_route=%2Fwp%2Fv2%2Fcomments&post=2612"}],"version-history":[{"count":1,"href":"http:\/\/www.ugelsanchezcarrion.gob.pe\/index.php?rest_route=\/wp\/v2\/posts\/2612\/revisions"}],"predecessor-version":[{"id":2614,"href":"http:\/\/www.ugelsanchezcarrion.gob.pe\/index.php?rest_route=\/wp\/v2\/posts\/2612\/revisions\/2614"}],"wp:attachment":[{"href":"http:\/\/www.ugelsanchezcarrion.gob.pe\/index.php?rest_route=%2Fwp%2Fv2%2Fmedia&parent=2612"}],"wp:term":[{"taxonomy":"category","embeddable":true,"href":"http:\/\/www.ugelsanchezcarrion.gob.pe\/index.php?rest_route=%2Fwp%2Fv2%2Fcategories&post=2612"},{"taxonomy":"post_tag","embeddable":true,"href":"http:\/\/www.ugelsanchezcarrion.gob.pe\/index.php?rest_route=%2Fwp%2Fv2%2Ftags&post=2612"}],"curies":[{"name":"wp","href":"https:\/\/api.w.org\/{rel}","templated":true}]}}