{"id":2673,"date":"2017-10-30T17:15:40","date_gmt":"2017-10-30T22:15:40","guid":{"rendered":"http:\/\/38.242.151.198\/\/?p=2673"},"modified":"2017-11-03T17:10:18","modified_gmt":"2017-11-03T22:10:18","slug":"reasignacion-plazas-docentes-aga","status":"publish","type":"post","link":"http:\/\/www.ugelsanchezcarrion.gob.pe\/?p=2673","title":{"rendered":"Reasignaci\u00f3n de plazas Docentes 2017 &#8211; AGA <span class=\"label label-warning\">Preliminares<\/span>"},"content":{"rendered":"<p><img loading=\"lazy\" class=\"alignnone wp-image-2676 size-full\" src=\"http:\/\/38.242.151.198\/\/wordpress\/wp-content\/uploads\/2017\/10\/reasignacion-de-plazas-1.jpg\" alt=\"\" width=\"600\" height=\"372\" srcset=\"http:\/\/www.ugelsanchezcarrion.gob.pe\/wordpress\/wp-content\/uploads\/2017\/10\/reasignacion-de-plazas-1.jpg 600w, http:\/\/www.ugelsanchezcarrion.gob.pe\/wordpress\/wp-content\/uploads\/2017\/10\/reasignacion-de-plazas-1-300x186.jpg 300w\" sizes=\"(max-width: 600px) 100vw, 600px\" \/><\/p>\n<p>&nbsp;<\/p>\n<h4><span style=\"color: #ff0000;\"><em><strong>Se hace conocer a los docentes del \u00e1mbito de UGEL S\u00e1nchez Carri\u00f3n las plazas <\/strong><\/em><\/span><\/h4>\n<h4><span style=\"color: #ff0000;\"><em><strong>para reasignaci\u00f3n de los tres niveles Inicial Primaria y Secundaria.<\/strong><\/em><\/span><\/h4>\n<hr \/>\n<p>&nbsp;<\/p>\n<p><i class=\"fa fa-hand-o-right\" aria-hidden=\"true\"><\/i> <em><strong><span style=\"color: #000000;\">PLAZAS PARA REASIGNACI\u00d3N NIVEL INICIAL Y PRIMARIA<\/span> descargar<\/strong><\/em> <i class=\"fa fa-file-pdf-o\" aria-hidden=\"true\"><\/i>(<a href=\"http:\/\/38.242.151.198\/\/wordpress\/wp-content\/uploads\/2017\/10\/nivel-inicial-y-primaria.pdf\" target=\"_blank\" rel=\"noopener\">aqu\u00ed<\/a>)<\/p>\n<p><i class=\"fa fa-hand-o-right\" aria-hidden=\"true\"><\/i> <em><strong><span style=\"color: #000000;\">PLAZAS PARA REASIGNACI\u00d3N NIVEL SECUNDARIA<\/span> descargar<\/strong><\/em> <i class=\"fa fa-file-pdf-o\" aria-hidden=\"true\"><\/i>(<a href=\"http:\/\/38.242.151.198\/\/wordpress\/wp-content\/uploads\/2017\/10\/nivel-secundaria.pdf\" target=\"_blank\" rel=\"noopener\">aqu\u00ed<\/a>)<\/p>\n<hr \/>\n<h2><span style=\"color: #ff0000;\">Cuadro preliminar reasignaci\u00f3n Docente 2017<\/span><\/h2>\n<p><strong>descargar cuadro preliminar<\/strong> (<a href=\"http:\/\/38.242.151.198\/\/wordpress\/wp-content\/uploads\/2017\/10\/cuadro-preliminar-reas.-docente-2017.pdf\" target=\"_blank\" rel=\"noopener\">aqu\u00ed<\/a>)<\/p>\n<hr \/>\n<h2><span style=\"color: #ff0000;\">Resultados Finales reasignaci\u00f3n Docente 2017<\/span><\/h2>\n<p><i class=\"fa fa-hand-o-right\" aria-hidden=\"true\"><\/i> <em><strong>descargar cuadro de resultados finales<\/strong><\/em> <i class=\"fa fa-file-pdf-o\" aria-hidden=\"true\"><\/i>(<a href=\"http:\/\/38.242.151.198\/\/wordpress\/wp-content\/uploads\/2017\/10\/c.final-reasig.-docente-2017.pdf\" target=\"_blank\" rel=\"noopener\">aqu\u00ed<\/a>)<\/p>\n<p>&nbsp;<\/p>\n<p>&nbsp;<\/p>\n","protected":false},"excerpt":{"rendered":"<p>&nbsp; Se hace conocer a los docentes del \u00e1mbito de UGEL S\u00e1nchez Carri\u00f3n las plazas para reasignaci\u00f3n de los tres niveles Inicial Primaria y Secundaria. &nbsp; PLAZAS PARA REASIGNACI\u00d3N NIVEL INICIAL Y PRIMARIA descargar (aqu\u00ed) PLAZAS PARA REASIGNACI\u00d3N NIVEL SECUNDARIA descargar (aqu\u00ed) Cuadro preliminar reasignaci\u00f3n Docente 2017 descargar cuadro preliminar (aqu\u00ed) Resultados Finales reasignaci\u00f3n Docente&#8230;<\/p>\n","protected":false},"author":1,"featured_media":0,"comment_status":"closed","ping_status":"open","sticky":false,"template":"","format":"aside","meta":[],"categories":[10],"tags":[],"_links":{"self":[{"href":"http:\/\/www.ugelsanchezcarrion.gob.pe\/index.php?rest_route=\/wp\/v2\/posts\/2673"}],"collection":[{"href":"http:\/\/www.ugelsanchezcarrion.gob.pe\/index.php?rest_route=\/wp\/v2\/posts"}],"about":[{"href":"http:\/\/www.ugelsanchezcarrion.gob.pe\/index.php?rest_route=\/wp\/v2\/types\/post"}],"author":[{"embeddable":true,"href":"http:\/\/www.ugelsanchezcarrion.gob.pe\/index.php?rest_route=\/wp\/v2\/users\/1"}],"replies":[{"embeddable":true,"href":"http:\/\/www.ugelsanchezcarrion.gob.pe\/index.php?rest_route=%2Fwp%2Fv2%2Fcomments&post=2673"}],"version-history":[{"count":6,"href":"http:\/\/www.ugelsanchezcarrion.gob.pe\/index.php?rest_route=\/wp\/v2\/posts\/2673\/revisions"}],"predecessor-version":[{"id":2860,"href":"http:\/\/www.ugelsanchezcarrion.gob.pe\/index.php?rest_route=\/wp\/v2\/posts\/2673\/revisions\/2860"}],"wp:attachment":[{"href":"http:\/\/www.ugelsanchezcarrion.gob.pe\/index.php?rest_route=%2Fwp%2Fv2%2Fmedia&parent=2673"}],"wp:term":[{"taxonomy":"category","embeddable":true,"href":"http:\/\/www.ugelsanchezcarrion.gob.pe\/index.php?rest_route=%2Fwp%2Fv2%2Fcategories&post=2673"},{"taxonomy":"post_tag","embeddable":true,"href":"http:\/\/www.ugelsanchezcarrion.gob.pe\/index.php?rest_route=%2Fwp%2Fv2%2Ftags&post=2673"}],"curies":[{"name":"wp","href":"https:\/\/api.w.org\/{rel}","templated":true}]}}