{"id":2686,"date":"2017-10-17T20:22:33","date_gmt":"2017-10-18T01:22:33","guid":{"rendered":"http:\/\/38.242.151.198\/\/?p=2686"},"modified":"2017-11-15T18:09:49","modified_gmt":"2017-11-15T23:09:49","slug":"convocatoria-cas-n-012-2017-ue-0307-ugel-sanchez-carrion-vigente","status":"publish","type":"post","link":"http:\/\/www.ugelsanchezcarrion.gob.pe\/?p=2686","title":{"rendered":"CONVOCATORIA CAS N\u00b0 012-2017 UE 0307 UGEL S\u00c1NCHEZ CARRI\u00d3N <span class=\"label label-danger\">(Cerrado)<\/span>"},"content":{"rendered":"<p><img loading=\"lazy\" class=\"alignnone wp-image-2698 size-full\" src=\"http:\/\/38.242.151.198\/\/wordpress\/wp-content\/uploads\/2017\/10\/cronograma-cas12.jpg\" alt=\"\" width=\"600\" height=\"364\" srcset=\"http:\/\/www.ugelsanchezcarrion.gob.pe\/wordpress\/wp-content\/uploads\/2017\/10\/cronograma-cas12.jpg 600w, http:\/\/www.ugelsanchezcarrion.gob.pe\/wordpress\/wp-content\/uploads\/2017\/10\/cronograma-cas12-300x182.jpg 300w\" sizes=\"(max-width: 600px) 100vw, 600px\" \/><\/p>\n<p>&nbsp;<\/p>\n<p><i class=\"fa fa-hand-o-right\" aria-hidden=\"true\"><\/i> <strong><i>TDR CONVOCATORIA CAS N\u00b0012-2017-UE 0307-UGEL-SC <i class=\"fa fa-file-pdf-o\" aria-hidden=\"true\"><\/i>(<\/i><\/strong><a href=\"http:\/\/38.242.151.198\/\/wordpress\/wp-content\/uploads\/2017\/10\/tdr-cas12.pdf\" target=\"_blank\" rel=\"noopener\">aqu\u00ed<\/a><strong><i>)<\/i><\/strong><\/p>\n<p><i class=\"fa fa-hand-o-right\" aria-hidden=\"true\"><\/i> <strong><i aria-hidden=\"true\">CRONOGRAMA DE CONVOCATORIA CAS N\u00b0 012 <i class=\"fa fa-file-pdf-o\" aria-hidden=\"true\"><\/i>(<\/i><\/strong><a href=\"http:\/\/38.242.151.198\/\/wordpress\/wp-content\/uploads\/2017\/10\/cronograma-cas12.pdf\" target=\"_blank\" rel=\"noopener\">aqu\u00ed<\/a><strong><i>)<\/i><\/strong><\/p>\n<p><i class=\"fa fa-hand-o-right\" aria-hidden=\"true\"><\/i> <strong><i aria-hidden=\"true\">ANEXOS CAS 012 <i class=\"fa fa-file-pdf-o\" aria-hidden=\"true\"><\/i>(<\/i><\/strong><a href=\"http:\/\/38.242.151.198\/\/wordpress\/wp-content\/uploads\/2017\/10\/anexos-cas12.pdf\" target=\"_blank\" rel=\"noopener\">aqu\u00ed<\/a><strong><i>)<\/i><\/strong><\/p>\n<hr \/>\n<h2><span style=\"color: #ff0000;\">Resultados preliminares proceso de evaluaci\u00f3n hoja de vida<\/span><\/h2>\n<p><i class=\"fa fa-hand-o-right\" aria-hidden=\"true\"><\/i><strong><em>resultados hoja de vida cas N\u00b0 012<\/em> descargar<\/strong> <i class=\"fa fa-file-pdf-o\" aria-hidden=\"true\"><\/i>(<a href=\"http:\/\/38.242.151.198\/\/wordpress\/wp-content\/uploads\/2017\/10\/CONVOCATORIA-CAS-012-2017.pdf\" target=\"_blank\" rel=\"noopener\">aqu\u00ed<\/a>)<\/p>\n<hr \/>\n<h2><span style=\"color: #ff0000;\"><strong>Postulantes aptos para la entrevista personal<\/strong><\/span><\/h2>\n<p><span style=\"color: #0000ff;\"><strong>la entrevista personal sera el d\u00eda lunes 30 de octubre a las 11:00a.m. en la oficina de Direcci\u00f3n UGEL S\u00e1nchez Carri\u00f3n<\/strong><\/span><\/p>\n<p><strong><em>lista de Postulantes aptos Entrevista Personal cas N\u00b0 012<\/em> descargar<\/strong> <i class=\"fa fa-file-pdf-o\" aria-hidden=\"true\"><\/i>(<a href=\"http:\/\/38.242.151.198\/\/wordpress\/wp-content\/uploads\/2017\/10\/UGEL-SANCHEZ-CARRION-COMUNICADO-CAS-012.pdf\" target=\"_blank\" rel=\"noopener\">aqu\u00ed<\/a>)<\/p>\n<p>CAMPOS COSME WILLY ANDY es considerado en la lista para la entrevista personal por ser procedente<\/p>\n<hr \/>\n<h2><span style=\"color: #ff0000;\">Resultados finales proceso Convocatoria CAS N\u00b0 012<\/span><\/h2>\n<p>descargar resultados finales (<a href=\"http:\/\/38.242.151.198\/\/wordpress\/wp-content\/uploads\/2017\/10\/RESULTADOS-FINALES-CAS12.pdf\" target=\"_blank\" rel=\"noopener\">aqu\u00ed<\/a>)<\/p>\n<p>&nbsp;<\/p>\n<p>&nbsp;<\/p>\n","protected":false},"excerpt":{"rendered":"<p>&nbsp; TDR CONVOCATORIA CAS N\u00b0012-2017-UE 0307-UGEL-SC (aqu\u00ed) CRONOGRAMA DE CONVOCATORIA CAS N\u00b0 012 (aqu\u00ed) ANEXOS CAS 012 (aqu\u00ed) Resultados preliminares proceso de evaluaci\u00f3n hoja de vida resultados hoja de vida cas N\u00b0 012 descargar (aqu\u00ed) Postulantes aptos para la entrevista personal la entrevista personal sera el d\u00eda lunes 30 de octubre a las 11:00a.m. en&#8230;<\/p>\n","protected":false},"author":1,"featured_media":0,"comment_status":"closed","ping_status":"open","sticky":false,"template":"","format":"aside","meta":[],"categories":[21],"tags":[],"_links":{"self":[{"href":"http:\/\/www.ugelsanchezcarrion.gob.pe\/index.php?rest_route=\/wp\/v2\/posts\/2686"}],"collection":[{"href":"http:\/\/www.ugelsanchezcarrion.gob.pe\/index.php?rest_route=\/wp\/v2\/posts"}],"about":[{"href":"http:\/\/www.ugelsanchezcarrion.gob.pe\/index.php?rest_route=\/wp\/v2\/types\/post"}],"author":[{"embeddable":true,"href":"http:\/\/www.ugelsanchezcarrion.gob.pe\/index.php?rest_route=\/wp\/v2\/users\/1"}],"replies":[{"embeddable":true,"href":"http:\/\/www.ugelsanchezcarrion.gob.pe\/index.php?rest_route=%2Fwp%2Fv2%2Fcomments&post=2686"}],"version-history":[{"count":15,"href":"http:\/\/www.ugelsanchezcarrion.gob.pe\/index.php?rest_route=\/wp\/v2\/posts\/2686\/revisions"}],"predecessor-version":[{"id":2924,"href":"http:\/\/www.ugelsanchezcarrion.gob.pe\/index.php?rest_route=\/wp\/v2\/posts\/2686\/revisions\/2924"}],"wp:attachment":[{"href":"http:\/\/www.ugelsanchezcarrion.gob.pe\/index.php?rest_route=%2Fwp%2Fv2%2Fmedia&parent=2686"}],"wp:term":[{"taxonomy":"category","embeddable":true,"href":"http:\/\/www.ugelsanchezcarrion.gob.pe\/index.php?rest_route=%2Fwp%2Fv2%2Fcategories&post=2686"},{"taxonomy":"post_tag","embeddable":true,"href":"http:\/\/www.ugelsanchezcarrion.gob.pe\/index.php?rest_route=%2Fwp%2Fv2%2Ftags&post=2686"}],"curies":[{"name":"wp","href":"https:\/\/api.w.org\/{rel}","templated":true}]}}