{"id":2931,"date":"2017-11-17T17:11:33","date_gmt":"2017-11-17T22:11:33","guid":{"rendered":"http:\/\/38.242.151.198\/\/?p=2931"},"modified":"2017-12-20T15:56:33","modified_gmt":"2017-12-20T20:56:33","slug":"convocatoria-publica-regimen-del-decreto-legislativo-n-276-ugel-sc","status":"publish","type":"post","link":"http:\/\/www.ugelsanchezcarrion.gob.pe\/?p=2931","title":{"rendered":"Convocatoria p\u00fablica bajo el r\u00e9gimen del decreto legislativo N\u00b0 276 \/ UGEL &#8211; SC <span class=\"label label-danger\">(Cerrado)<\/span>"},"content":{"rendered":"<p><img loading=\"lazy\" class=\"alignnone wp-image-2932 size-full\" src=\"http:\/\/38.242.151.198\/\/wordpress\/wp-content\/uploads\/2017\/11\/convocatoria-276-mas-conograma.jpg\" alt=\"\" width=\"600\" height=\"323\" srcset=\"http:\/\/www.ugelsanchezcarrion.gob.pe\/wordpress\/wp-content\/uploads\/2017\/11\/convocatoria-276-mas-conograma.jpg 600w, http:\/\/www.ugelsanchezcarrion.gob.pe\/wordpress\/wp-content\/uploads\/2017\/11\/convocatoria-276-mas-conograma-300x162.jpg 300w\" sizes=\"(max-width: 600px) 100vw, 600px\" \/><\/p>\n<p>&nbsp;<\/p>\n<hr \/>\n<p><i class=\"fa fa-hand-o-right\" aria-hidden=\"true\"><\/i> <em><strong>Perfil del puesto y cronograma convocatoria r\u00e9gimen 276 UGEL-SC 2017 descargar<\/strong><\/em> <i class=\"fa fa-file-pdf-o\" aria-hidden=\"true\"><\/i>(<a href=\"http:\/\/38.242.151.198\/\/wordpress\/wp-content\/uploads\/2017\/11\/convocatoria-276-mas-conograma.pdf\" target=\"_blank\" rel=\"noopener\">aqu\u00ed<\/a>)<\/p>\n<p><i class=\"fa fa-hand-o-right\" aria-hidden=\"true\"><\/i> <em><strong>Anexos convocatoria r\u00e9gimen 276 UGEL-SC 2017\u00a0descargar<\/strong><\/em> <i class=\"fa fa-file-pdf-o\" aria-hidden=\"true\"><\/i>(<a href=\"http:\/\/38.242.151.198\/\/wordpress\/wp-content\/uploads\/2017\/11\/anexos-conv-276-UGEl-SC-2017.pdf\" target=\"_blank\" rel=\"noopener\">aqu\u00ed<\/a>)<\/p>\n<hr \/>\n<h3><span style=\"color: #ff0000;\">Cuadro final de evaluaci\u00f3n del personal \u2013 grupo profesional D. LEG. 276<\/span><\/h3>\n<p><i class=\"fa fa-hand-o-right\" aria-hidden=\"true\"><\/i> <em><strong>descargar resultados<\/strong><\/em> <i class=\"fa fa-file-pdf-o\" aria-hidden=\"true\"><\/i>(<a href=\"http:\/\/38.242.151.198\/\/wordpress\/wp-content\/uploads\/2017\/11\/auditor-.pdf\" target=\"_blank\" rel=\"noopener\">aqu\u00ed<\/a>)<\/p>\n<p>&nbsp;<\/p>\n<p>&nbsp;<\/p>\n","protected":false},"excerpt":{"rendered":"<p>&nbsp; Perfil del puesto y cronograma convocatoria r\u00e9gimen 276 UGEL-SC 2017 descargar (aqu\u00ed) Anexos convocatoria r\u00e9gimen 276 UGEL-SC 2017\u00a0descargar (aqu\u00ed) Cuadro final de evaluaci\u00f3n del personal \u2013 grupo profesional D. LEG. 276 descargar resultados (aqu\u00ed) &nbsp; &nbsp;<\/p>\n","protected":false},"author":1,"featured_media":0,"comment_status":"closed","ping_status":"open","sticky":false,"template":"","format":"aside","meta":[],"categories":[21],"tags":[],"_links":{"self":[{"href":"http:\/\/www.ugelsanchezcarrion.gob.pe\/index.php?rest_route=\/wp\/v2\/posts\/2931"}],"collection":[{"href":"http:\/\/www.ugelsanchezcarrion.gob.pe\/index.php?rest_route=\/wp\/v2\/posts"}],"about":[{"href":"http:\/\/www.ugelsanchezcarrion.gob.pe\/index.php?rest_route=\/wp\/v2\/types\/post"}],"author":[{"embeddable":true,"href":"http:\/\/www.ugelsanchezcarrion.gob.pe\/index.php?rest_route=\/wp\/v2\/users\/1"}],"replies":[{"embeddable":true,"href":"http:\/\/www.ugelsanchezcarrion.gob.pe\/index.php?rest_route=%2Fwp%2Fv2%2Fcomments&post=2931"}],"version-history":[{"count":6,"href":"http:\/\/www.ugelsanchezcarrion.gob.pe\/index.php?rest_route=\/wp\/v2\/posts\/2931\/revisions"}],"predecessor-version":[{"id":3107,"href":"http:\/\/www.ugelsanchezcarrion.gob.pe\/index.php?rest_route=\/wp\/v2\/posts\/2931\/revisions\/3107"}],"wp:attachment":[{"href":"http:\/\/www.ugelsanchezcarrion.gob.pe\/index.php?rest_route=%2Fwp%2Fv2%2Fmedia&parent=2931"}],"wp:term":[{"taxonomy":"category","embeddable":true,"href":"http:\/\/www.ugelsanchezcarrion.gob.pe\/index.php?rest_route=%2Fwp%2Fv2%2Fcategories&post=2931"},{"taxonomy":"post_tag","embeddable":true,"href":"http:\/\/www.ugelsanchezcarrion.gob.pe\/index.php?rest_route=%2Fwp%2Fv2%2Ftags&post=2931"}],"curies":[{"name":"wp","href":"https:\/\/api.w.org\/{rel}","templated":true}]}}