{"id":3017,"date":"2017-12-07T18:47:26","date_gmt":"2017-12-07T23:47:26","guid":{"rendered":"http:\/\/38.242.151.198\/\/?p=3017"},"modified":"2017-12-07T19:18:19","modified_gmt":"2017-12-08T00:18:19","slug":"proceso-admision-coar-2018","status":"publish","type":"post","link":"http:\/\/www.ugelsanchezcarrion.gob.pe\/?p=3017","title":{"rendered":"Proceso de Admisi\u00f3n COAR 2018"},"content":{"rendered":"<p><img loading=\"lazy\" class=\"alignnone wp-image-3018 size-full\" src=\"http:\/\/38.242.151.198\/\/wordpress\/wp-content\/uploads\/2017\/12\/prospecto-coar-2018.jpg\" alt=\"\" width=\"600\" height=\"516\" srcset=\"http:\/\/www.ugelsanchezcarrion.gob.pe\/wordpress\/wp-content\/uploads\/2017\/12\/prospecto-coar-2018.jpg 600w, http:\/\/www.ugelsanchezcarrion.gob.pe\/wordpress\/wp-content\/uploads\/2017\/12\/prospecto-coar-2018-300x258.jpg 300w\" sizes=\"(max-width: 600px) 100vw, 600px\" \/><\/p>\n<p>&nbsp;<\/p>\n<p>&nbsp;<\/p>\n<p><i class=\"fa fa-hand-o-right\" aria-hidden=\"true\"><\/i> <em><strong>Cronograma-COAR 2018 descargar <\/strong><\/em><i class=\"fa fa-file-pdf-o\" aria-hidden=\"true\"><\/i>(<a href=\"http:\/\/38.242.151.198\/\/wordpress\/wp-content\/uploads\/2017\/12\/Cronograma-COAR.pdf\" target=\"_blank\" rel=\"noopener\">aqu\u00ed<\/a>)<\/p>\n<p><i class=\"fa fa-hand-o-right\" aria-hidden=\"true\"><\/i> <em><strong>Prospecto de Admisi\u00f3n\u00a0COAR 2018\u00a0descargar <\/strong><\/em><i class=\"fa fa-file-pdf-o\" aria-hidden=\"true\"><\/i>(<a href=\"http:\/\/www.minedu.gob.pe\/coar\/pdf\/prospecto-coar-2018.pdf\" target=\"_blank\" rel=\"noopener\">aqu\u00ed<\/a>)<\/p>\n<p><i class=\"fa fa-hand-o-right\" aria-hidden=\"true\"><\/i> <em><strong>RVM-N-052-2015-MINEDU\u00a0descargar <\/strong><\/em><i class=\"fa fa-file-pdf-o\" aria-hidden=\"true\"><\/i>(<a href=\"http:\/\/38.242.151.198\/\/wordpress\/wp-content\/uploads\/2017\/12\/RVM-N-052-2015-MINEDU.pdf\" target=\"_blank\" rel=\"noopener\">aqu\u00ed<\/a>)<\/p>\n<p><i class=\"fa fa-hand-o-right\" aria-hidden=\"true\"><\/i> <em><strong>Incorporan el Apartado VI al \u00abModelo de servicio educativo para la atenci\u00f3n de estudiantes de alto desempe\u00f1o\u00bb\u00a0descargar <\/strong><\/em><i class=\"fa fa-file-pdf-o\" aria-hidden=\"true\"><\/i>(<a href=\"http:\/\/www.minedu.gob.pe\/coar\/pdf\/rm-n603-2017-minedu-incorporan-apartado-vi.pdf\" target=\"_blank\" rel=\"noopener\">aqu\u00ed<\/a>)<\/p>\n<p><i class=\"fa fa-hand-o-right\" aria-hidden=\"true\"><\/i> <em><strong>Ficha de\u00a0inscripci\u00f3n\u00a0descargar<\/strong> <\/em><i class=\"fa fa-file-pdf-o\" aria-hidden=\"true\"><\/i>(<a href=\"http:\/\/www.minedu.gob.pe\/coar\/pdf\/ficha-de-inscripcion-coar-2018.pdf\" target=\"_blank\" rel=\"noopener\">aqu\u00ed<\/a>)<\/p>\n<p>&nbsp;<\/p>\n<p>&nbsp;<\/p>\n<h3 style=\"text-align: right;\"><span style=\"color: #ff0000;\"><em><strong>RESPONSABLE<\/strong><\/em><\/span><\/h3>\n<p style=\"text-align: right;\"><em>GIOVANNA D&#8217;YANIRA MORALES VINCES<\/em><\/p>\n<p style=\"text-align: right;\"><span style=\"color: #800000;\"><strong>\u00c1rea de Gesti\u00f3n Pedag\u00f3gica<\/strong><\/span><\/p>\n<p>&nbsp;<\/p>\n","protected":false},"excerpt":{"rendered":"<p>&nbsp; &nbsp; Cronograma-COAR 2018 descargar (aqu\u00ed) Prospecto de Admisi\u00f3n\u00a0COAR 2018\u00a0descargar (aqu\u00ed) RVM-N-052-2015-MINEDU\u00a0descargar (aqu\u00ed) Incorporan el Apartado VI al \u00abModelo de servicio educativo para la atenci\u00f3n de estudiantes de alto desempe\u00f1o\u00bb\u00a0descargar (aqu\u00ed) Ficha de\u00a0inscripci\u00f3n\u00a0descargar (aqu\u00ed) &nbsp; &nbsp; RESPONSABLE GIOVANNA D&#8217;YANIRA MORALES VINCES \u00c1rea de Gesti\u00f3n Pedag\u00f3gica &nbsp;<\/p>\n","protected":false},"author":1,"featured_media":0,"comment_status":"closed","ping_status":"open","sticky":false,"template":"","format":"aside","meta":[],"categories":[10],"tags":[],"_links":{"self":[{"href":"http:\/\/www.ugelsanchezcarrion.gob.pe\/index.php?rest_route=\/wp\/v2\/posts\/3017"}],"collection":[{"href":"http:\/\/www.ugelsanchezcarrion.gob.pe\/index.php?rest_route=\/wp\/v2\/posts"}],"about":[{"href":"http:\/\/www.ugelsanchezcarrion.gob.pe\/index.php?rest_route=\/wp\/v2\/types\/post"}],"author":[{"embeddable":true,"href":"http:\/\/www.ugelsanchezcarrion.gob.pe\/index.php?rest_route=\/wp\/v2\/users\/1"}],"replies":[{"embeddable":true,"href":"http:\/\/www.ugelsanchezcarrion.gob.pe\/index.php?rest_route=%2Fwp%2Fv2%2Fcomments&post=3017"}],"version-history":[{"count":4,"href":"http:\/\/www.ugelsanchezcarrion.gob.pe\/index.php?rest_route=\/wp\/v2\/posts\/3017\/revisions"}],"predecessor-version":[{"id":3031,"href":"http:\/\/www.ugelsanchezcarrion.gob.pe\/index.php?rest_route=\/wp\/v2\/posts\/3017\/revisions\/3031"}],"wp:attachment":[{"href":"http:\/\/www.ugelsanchezcarrion.gob.pe\/index.php?rest_route=%2Fwp%2Fv2%2Fmedia&parent=3017"}],"wp:term":[{"taxonomy":"category","embeddable":true,"href":"http:\/\/www.ugelsanchezcarrion.gob.pe\/index.php?rest_route=%2Fwp%2Fv2%2Fcategories&post=3017"},{"taxonomy":"post_tag","embeddable":true,"href":"http:\/\/www.ugelsanchezcarrion.gob.pe\/index.php?rest_route=%2Fwp%2Fv2%2Ftags&post=3017"}],"curies":[{"name":"wp","href":"https:\/\/api.w.org\/{rel}","templated":true}]}}