{"id":3055,"date":"2017-12-29T20:36:18","date_gmt":"2017-12-30T01:36:18","guid":{"rendered":"http:\/\/38.242.151.198\/\/?p=3055"},"modified":"2017-12-29T20:35:14","modified_gmt":"2017-12-30T01:35:14","slug":"encargatura-directivos-cargos-jerarquicos-especialistas-formacion-docente-especialistas-educacion","status":"publish","type":"post","link":"http:\/\/www.ugelsanchezcarrion.gob.pe\/?p=3055","title":{"rendered":"ENCARGATURA DIRECTIVOS, CARGOS JER\u00c1RQUICOS ESPECIALISTAS EN FORMACI\u00d3N DOCENTE Y ESPECIALISTAS EN EDUCACI\u00d3N"},"content":{"rendered":"<p><span style=\"color: #ff0000;\"><em><strong>Clic sobre la imagen para visualizar comunicado completo<\/strong><\/em><\/span><\/p>\n<p><a href=\"http:\/\/38.242.151.198\/\/wordpress\/wp-content\/uploads\/2017\/12\/ENCARGATURA-DIRECTIVOS.pdf\"><img loading=\"lazy\" class=\"alignnone wp-image-3071\" src=\"http:\/\/38.242.151.198\/\/wordpress\/wp-content\/uploads\/2017\/12\/ENCARGATURA-DIRECTIVOS.jpg\" alt=\"\" width=\"600\" height=\"426\" srcset=\"http:\/\/www.ugelsanchezcarrion.gob.pe\/wordpress\/wp-content\/uploads\/2017\/12\/ENCARGATURA-DIRECTIVOS.jpg 805w, http:\/\/www.ugelsanchezcarrion.gob.pe\/wordpress\/wp-content\/uploads\/2017\/12\/ENCARGATURA-DIRECTIVOS-300x213.jpg 300w, http:\/\/www.ugelsanchezcarrion.gob.pe\/wordpress\/wp-content\/uploads\/2017\/12\/ENCARGATURA-DIRECTIVOS-768x546.jpg 768w\" sizes=\"(max-width: 600px) 100vw, 600px\" \/><\/a><\/p>\n<p>&nbsp;<\/p>\n<p><span style=\"color: #800000;\"><em><strong>SE INCLUYEN EN EL PROCESO DE CONCURSO DOS PLAZAS DIRECTIVAS <\/strong><\/em><strong>descargar<\/strong> <span style=\"color: #000000;\">(<a href=\"http:\/\/38.242.151.198\/\/wordpress\/wp-content\/uploads\/2017\/12\/SE-INCLUYEN-EN-EL-PROCESO-DE-CONCURSO-DOS-PLAZAS-DIRECTIVAS.pdf\" target=\"_blank\" rel=\"noopener\">aqu\u00ed<\/a>)<\/span><\/span><\/p>\n<p><span style=\"color: #800000;\"><strong><em>R.S.G. N\u00b0 208-2017-MINEDU<\/em> descargar<\/strong><\/span> <i class=\"fa fa-file-pdf-o\" aria-hidden=\"true\"><\/i>(<a href=\"http:\/\/38.242.151.198\/\/wordpress\/wp-content\/uploads\/2017\/12\/208-2017-MINEDU-22-07-2017-05_51_29-RSG-N\u00b0-208-2017-MINEDU.pdf\" target=\"_blank\" rel=\"noopener\">aqu\u00ed<\/a>)<\/p>\n<p><i class=\"fa fa-hand-o-right\" aria-hidden=\"true\"><\/i> <span style=\"color: #800000;\"><strong><em>OFICIO M\u00daLTIPLE N\u00b0 0121-2017-MINEDU\/VMGP-DIGEDD-DITEN<\/em>\u00a0descargar<\/strong><\/span> <i class=\"fa fa-file-pdf-o\" aria-hidden=\"true\"><\/i>(<a href=\"http:\/\/38.242.151.198\/\/wordpress\/wp-content\/uploads\/2017\/12\/OM-121-2017-ENCARGATURAS-2018.pdf\" target=\"_blank\" rel=\"noopener\">aqu\u00ed<\/a>)<\/p>\n<hr \/>\n<h2><span style=\"color: #ff0000;\">Plazas vacantes para encargatura de direcci\u00f3n seg\u00fan nivel<\/span><\/h2>\n<p>Inicial descargar (<a href=\"http:\/\/38.242.151.198\/\/wordpress\/wp-content\/uploads\/2017\/12\/Plazas-vacantes-direcci\u00f3n-inicial-2018.pdf\" target=\"_blank\" rel=\"noopener\">aqu\u00ed<\/a>)<\/p>\n<p>Primaria descargar (<a href=\"http:\/\/38.242.151.198\/\/wordpress\/wp-content\/uploads\/2017\/12\/Plazas-vacantes-direcci\u00f3n-primaria-2018.pdf\" target=\"_blank\" rel=\"noopener\">aqu\u00ed<\/a>)<\/p>\n<p>Secundaria descargar (<a href=\"http:\/\/38.242.151.198\/\/wordpress\/wp-content\/uploads\/2017\/12\/Plazas-vacantes-direcci\u00f3n-secundaria-2018.pdf\" target=\"_blank\" rel=\"noopener\">aqu\u00ed<\/a>)<\/p>\n<hr \/>\n<h2><span style=\"color: #ff0000;\">Resultados preliminares<\/span><\/h2>\n<p>resultados preliminares de encargatura de direcciones 2018 descargar (<a href=\"http:\/\/38.242.151.198\/\/wordpress\/wp-content\/uploads\/2017\/12\/RESULTADOS-PRELIMINARES-2018.pdf\" target=\"_blank\" rel=\"noopener\">aqu\u00ed<\/a>)<\/p>\n<p>&nbsp;<\/p>\n<hr \/>\n<h2><span style=\"color: #ff0000;\">Resultados Finales<\/span><\/h2>\n<p>resultados FINALES de encargatura de direcciones 2018 descargar (<a href=\"http:\/\/38.242.151.198\/\/wordpress\/wp-content\/uploads\/2017\/12\/Resultados-Finales.pdf\" target=\"_blank\" rel=\"noopener\">aqu\u00ed<\/a>)<\/p>\n<hr \/>\n<p>&nbsp;<\/p>\n<p>&nbsp;<\/p>\n<p>&nbsp;<\/p>\n<p>&nbsp;<\/p>\n","protected":false},"excerpt":{"rendered":"<p>Clic sobre la imagen para visualizar comunicado completo &nbsp; SE INCLUYEN EN EL PROCESO DE CONCURSO DOS PLAZAS DIRECTIVAS descargar (aqu\u00ed) R.S.G. N\u00b0 208-2017-MINEDU descargar (aqu\u00ed) OFICIO M\u00daLTIPLE N\u00b0 0121-2017-MINEDU\/VMGP-DIGEDD-DITEN\u00a0descargar (aqu\u00ed) Plazas vacantes para encargatura de direcci\u00f3n seg\u00fan nivel Inicial descargar (aqu\u00ed) Primaria descargar (aqu\u00ed) Secundaria descargar (aqu\u00ed) Resultados preliminares resultados preliminares de encargatura de&#8230;<\/p>\n","protected":false},"author":1,"featured_media":0,"comment_status":"closed","ping_status":"open","sticky":false,"template":"","format":"aside","meta":[],"categories":[10],"tags":[],"_links":{"self":[{"href":"http:\/\/www.ugelsanchezcarrion.gob.pe\/index.php?rest_route=\/wp\/v2\/posts\/3055"}],"collection":[{"href":"http:\/\/www.ugelsanchezcarrion.gob.pe\/index.php?rest_route=\/wp\/v2\/posts"}],"about":[{"href":"http:\/\/www.ugelsanchezcarrion.gob.pe\/index.php?rest_route=\/wp\/v2\/types\/post"}],"author":[{"embeddable":true,"href":"http:\/\/www.ugelsanchezcarrion.gob.pe\/index.php?rest_route=\/wp\/v2\/users\/1"}],"replies":[{"embeddable":true,"href":"http:\/\/www.ugelsanchezcarrion.gob.pe\/index.php?rest_route=%2Fwp%2Fv2%2Fcomments&post=3055"}],"version-history":[{"count":7,"href":"http:\/\/www.ugelsanchezcarrion.gob.pe\/index.php?rest_route=\/wp\/v2\/posts\/3055\/revisions"}],"predecessor-version":[{"id":3121,"href":"http:\/\/www.ugelsanchezcarrion.gob.pe\/index.php?rest_route=\/wp\/v2\/posts\/3055\/revisions\/3121"}],"wp:attachment":[{"href":"http:\/\/www.ugelsanchezcarrion.gob.pe\/index.php?rest_route=%2Fwp%2Fv2%2Fmedia&parent=3055"}],"wp:term":[{"taxonomy":"category","embeddable":true,"href":"http:\/\/www.ugelsanchezcarrion.gob.pe\/index.php?rest_route=%2Fwp%2Fv2%2Fcategories&post=3055"},{"taxonomy":"post_tag","embeddable":true,"href":"http:\/\/www.ugelsanchezcarrion.gob.pe\/index.php?rest_route=%2Fwp%2Fv2%2Ftags&post=3055"}],"curies":[{"name":"wp","href":"https:\/\/api.w.org\/{rel}","templated":true}]}}