{"id":3329,"date":"2018-02-26T18:55:02","date_gmt":"2018-02-26T23:55:02","guid":{"rendered":"http:\/\/38.242.151.198\/\/?p=3329"},"modified":"2018-02-26T18:55:04","modified_gmt":"2018-02-26T23:55:04","slug":"convocatoria-plazas-desiertas-etapa-iii-tramo-2-ugel-sanchez-carrion-2018","status":"publish","type":"post","link":"http:\/\/www.ugelsanchezcarrion.gob.pe\/?p=3329","title":{"rendered":"CONVOCATORIA DE PLAZAS DESIERTAS \u2013 ETAPA III TRAMO 2 UGEL S\u00c1NCHEZ CARRI\u00d3N 2018 <span class=\"label label-danger\">(Procedentes improcedentes)<\/span>"},"content":{"rendered":"<p><span style=\"color: #ff0000;\"><em><strong>Clic sobre la imagen para descargar convocatoria completa en formato PDF.<\/strong><\/em><\/span><\/p>\n<p><a href=\"http:\/\/38.242.151.198\/\/wordpress\/wp-content\/uploads\/2018\/02\/convocatoria-tramo-2-etapa-3.pdf\"><img loading=\"lazy\" class=\"alignnone wp-image-3330 size-full\" src=\"http:\/\/38.242.151.198\/\/wordpress\/wp-content\/uploads\/2018\/02\/convocatoria-tramo-2-etapa-3.jpg\" alt=\"\" width=\"600\" height=\"454\" srcset=\"http:\/\/www.ugelsanchezcarrion.gob.pe\/wordpress\/wp-content\/uploads\/2018\/02\/convocatoria-tramo-2-etapa-3.jpg 600w, http:\/\/www.ugelsanchezcarrion.gob.pe\/wordpress\/wp-content\/uploads\/2018\/02\/convocatoria-tramo-2-etapa-3-300x227.jpg 300w\" sizes=\"(max-width: 600px) 100vw, 600px\" \/><\/a><\/p>\n<h4><span style=\"color: #ff0000;\"><em><strong>presentaci\u00f3n de expedientes d\u00edas\u00a0 del 16 al 19 de febrero del 2018\u00a0<\/strong><\/em><\/span><\/h4>\n<h3><\/h3>\n<hr \/>\n<h3><span style=\"color: #ff0000;\"><em><strong>Correcci\u00f3n para adjudicar plazas nivel inicial seg\u00fan MEMOR\u00c1NDUM N\u00ba 098-2018-GRLL-GGR\/GRSE-UGEL-SC-DIR.<\/strong><\/em><\/span><\/h3>\n<h4>descargar<span style=\"color: #ff0000;\">\u00a0<\/span>(<a href=\"http:\/\/38.242.151.198\/\/wordpress\/wp-content\/uploads\/2018\/02\/memo.jpg\" target=\"_blank\" rel=\"noopener\">aqu\u00ed<\/a>)<\/h4>\n<hr \/>\n<p><span style=\"color: #0000ff;\"><em><strong>El cuadro final de Ed. Inicial para la III Etapa Tramo II, contiene las plazas restantes no adjudicadas en la Etapa III \u2013 Tramo I, adem\u00e1s de las rebajas hechas de las plazas de la I.E. Santa Ana San Francisco que ya hicieron llegar sus propuestas por ser I.E. Parroquial. Por otro lado, se han agregado 2 plazas de renuncia de adjudicaciones de la 1ra Etapa y 2 por adjudicaciones improcedentes en la 1ra Etapa, por control posterior.<\/strong><\/em><\/span><\/p>\n<p><span style=\"color: #800000;\"><em><strong>Plazas vacantes nivel Inicial III etapa tramo 2 descargar<\/strong><\/em><\/span> <i class=\"fa fa-file-pdf-o\" aria-hidden=\"true\"><\/i>(<a href=\"http:\/\/38.242.151.198\/\/wordpress\/wp-content\/uploads\/2018\/02\/sin-adjudicar-inicial.pdf\" target=\"_blank\" rel=\"noopener\">aqu\u00ed<\/a>) <i class=\"fas fa-eye\"><\/i> <span class=\"label label-danger\">(Modificado)<\/span><\/p>\n<p>&nbsp;<\/p>\n<h4><span style=\"color: #0000ff;\"><em><strong>Considerando que en el \u00c1rea de Comunicaci\u00f3n <u>existe cuadro de m\u00e9ritos<\/u>, en la adjudicaci\u00f3n del d\u00eda viernes 23-02-2018, se respetar\u00e1 el mismo, para atender a los docentes que a\u00fan no han sido adjudicados.\u00a0LOS DOCENTES DEBER\u00c1N TRAER SU EXPEDIENTE DEBIDAMENTE FOLIADO<\/strong><\/em><\/span><\/h4>\n<p><em><strong><span style=\"color: #800000;\">Plazas vacantes nivel Secundaria III etapa tramo 2\u00a0descargar<\/span><\/strong><\/em> <i class=\"fa fa-file-pdf-o\" aria-hidden=\"true\"><\/i>(<a href=\"http:\/\/38.242.151.198\/\/wordpress\/wp-content\/uploads\/2018\/02\/sin-adjudicar-secundaria.pdf\" target=\"_blank\" rel=\"noopener\">aqu\u00ed<\/a>) <span class=\"label label-danger\">(21-02-2018)<\/span><\/p>\n<p>&nbsp;<\/p>\n<hr \/>\n<h2><span style=\"color: #ff0000;\"><em><strong>CUADRO DE M\u00c9RITOS POR EVALUACI\u00d3N DE EXPEDIENTE INICIAL<\/strong><\/em><\/span><\/h2>\n<p><i class=\"fa fa-hand-o-right\" aria-hidden=\"true\"><\/i> <span style=\"color: #800000;\"><em><strong>Cuadro de m\u00e9ritos inicial<\/strong><\/em><\/span> descargar <i class=\"fa fa-file-pdf-o\" aria-hidden=\"true\"><\/i>(<a href=\"http:\/\/38.242.151.198\/\/wordpress\/wp-content\/uploads\/2018\/02\/EBR-INICIAL.pdf\" target=\"_blank\" rel=\"noopener\">aqu\u00ed<\/a>)<\/p>\n<p>&nbsp;<\/p>\n<h2><span style=\"color: #ff0000;\"><em><strong>CUADRO DE M\u00c9RITOS POR EVALUACI\u00d3N DE EXPEDIENTE SECUNDARIA<\/strong><\/em><\/span><\/h2>\n<p><i class=\"fa fa-hand-o-right\" aria-hidden=\"true\"><\/i> <span style=\"color: #800000;\"><em><strong>EBR Matem\u00e1tica<\/strong><\/em><\/span> descargar <i class=\"fa fa-file-pdf-o\" aria-hidden=\"true\"><\/i>(<a href=\"http:\/\/38.242.151.198\/\/wordpress\/wp-content\/uploads\/2018\/02\/EBR-matematica.pdf\" target=\"_blank\" rel=\"noopener\">aqu\u00ed<\/a>)<\/p>\n<p><i class=\"fa fa-hand-o-right\" aria-hidden=\"true\"><\/i> <em><strong><span style=\"color: #800000;\">EBR Arte y Cultura<\/span><\/strong><\/em> descargar <i class=\"fa fa-file-pdf-o\" aria-hidden=\"true\"><\/i>(<a href=\"http:\/\/38.242.151.198\/\/wordpress\/wp-content\/uploads\/2018\/02\/EBR-arte.pdf\" target=\"_blank\" rel=\"noopener\">aqu\u00ed<\/a>)<\/p>\n<p><i class=\"fa fa-hand-o-right\" aria-hidden=\"true\"><\/i> <span style=\"color: #800000;\"><em><strong>EBR Ciencias Sociales<\/strong><\/em><\/span> descargar <i class=\"fa fa-file-pdf-o\" aria-hidden=\"true\"><\/i>(<a href=\"http:\/\/38.242.151.198\/\/wordpress\/wp-content\/uploads\/2018\/02\/EBR-CCSS.pdf\" target=\"_blank\" rel=\"noopener\">aqu\u00ed<\/a>)<\/p>\n<p><i class=\"fa fa-hand-o-right\" aria-hidden=\"true\"><\/i> <em><strong><span style=\"color: #800000;\">EBR Ciencia y tecnolog\u00eda<\/span><\/strong><\/em> descargar <i class=\"fa fa-file-pdf-o\" aria-hidden=\"true\"><\/i>(<a href=\"http:\/\/38.242.151.198\/\/wordpress\/wp-content\/uploads\/2018\/02\/EBR-CTA.pdf\" target=\"_blank\" rel=\"noopener\">aqu\u00ed<\/a>)<\/p>\n<p><i class=\"fa fa-hand-o-right\" aria-hidden=\"true\"><\/i> <em><strong><span style=\"color: #800000;\">EBR Educaci\u00f3n F\u00edsica<\/span><\/strong><\/em> descargar <i class=\"fa fa-file-pdf-o\" aria-hidden=\"true\"><\/i>(<a href=\"http:\/\/38.242.151.198\/\/wordpress\/wp-content\/uploads\/2018\/02\/EBR-Ed.-Fisica.pdf\" target=\"_blank\" rel=\"noopener\">aqu\u00ed<\/a>)<\/p>\n<p><i class=\"fa fa-hand-o-right\" aria-hidden=\"true\"><\/i> <em><strong><span style=\"color: #800000;\">EBR Educaci\u00f3n para el Trabajo<\/span><\/strong><\/em> descargar <i class=\"fa fa-file-pdf-o\" aria-hidden=\"true\"><\/i>(<a href=\"http:\/\/38.242.151.198\/\/wordpress\/wp-content\/uploads\/2018\/02\/EBR-EPT.pdf\" target=\"_blank\" rel=\"noopener\">aqu\u00ed<\/a>)<\/p>\n<p><i class=\"fa fa-hand-o-right\" aria-hidden=\"true\"><\/i> <span style=\"color: #800000;\"><em><strong>EBR Ingl\u00e9s<\/strong><\/em><\/span> descargar <i class=\"fa fa-file-pdf-o\" aria-hidden=\"true\"><\/i>(<a href=\"http:\/\/38.242.151.198\/\/wordpress\/wp-content\/uploads\/2018\/02\/EBR-ingles.pdf\" target=\"_blank\" rel=\"noopener\">aqu\u00ed<\/a>)<\/p>\n<p><i class=\"fa fa-hand-o-right\" aria-hidden=\"true\"><\/i> <span style=\"color: #800000;\"><em><strong>EBR Comunicaci\u00f3n<\/strong><\/em><\/span>\u00a0 \u00a0<span style=\"color: #0000ff;\">Se respetara el cuadro de m\u00e9ritos I etapa<\/span><\/p>\n<p><i class=\"fa fa-hand-o-right\" aria-hidden=\"true\"><\/i> <span style=\"color: #800000;\"><em><strong>EPT CETPRO<\/strong><\/em><\/span>\u00a0<em><span style=\"color: #0000ff;\">no existe postulantes aptos para el puesto<\/span><\/em><\/p>\n<p><i class=\"fa fa-hand-o-right\" aria-hidden=\"true\"><\/i> <span style=\"color: #800000;\"><em><strong>EBA comunicaci\u00f3n<\/strong><\/em><\/span> descargar <i class=\"fa fa-file-pdf-o\" aria-hidden=\"true\"><\/i>(<a href=\"http:\/\/38.242.151.198\/\/wordpress\/wp-content\/uploads\/2018\/02\/EBA-comunicaccion.pdf\" target=\"_blank\" rel=\"noopener\">aqu\u00ed<\/a>)<\/p>\n<hr \/>\n<h2><span style=\"color: #ff0000;\">Improcedentes<\/span><\/h2>\n<p><i class=\"fa fa-hand-o-right\" aria-hidden=\"true\"><\/i> <span style=\"color: #800000;\"><em><strong>Lista general de improcedentes<\/strong><\/em><\/span>\u00a0descargar <i class=\"fa fa-file-pdf-o\" aria-hidden=\"true\"><\/i>(<a href=\"http:\/\/38.242.151.198\/\/wordpress\/wp-content\/uploads\/2018\/02\/IMPROCEDENTES-DOCENTES-2018.pdf\" target=\"_blank\" rel=\"noopener\">aqu\u00ed<\/a>)<\/p>\n<p><i class=\"fa fa-hand-o-right\" aria-hidden=\"true\"><\/i> <span style=\"color: #800000;\"><em><strong>Lista de improcedentes al reclamo<\/strong><\/em><\/span> descargar <i class=\"fa fa-file-pdf-o\" aria-hidden=\"true\"><\/i>(<a href=\"http:\/\/38.242.151.198\/\/wordpress\/wp-content\/uploads\/2018\/02\/improcedentes-actual.pdf\" target=\"_blank\" rel=\"noopener\">aqu\u00ed<\/a>)<\/p>\n<hr \/>\n<h2><span style=\"color: #ff0000;\">La adjudicaci\u00f3n se llevara a cabo el d\u00eda martes 27 de febrero de 2018 a partir de las 9:00a.m. en el patio de UGEL S\u00e1nchez Carri\u00f3n.<\/span><\/h2>\n<p>&nbsp;<\/p>\n<p>&nbsp;<\/p>\n<p>&nbsp;<\/p>\n<p>&nbsp;<\/p>\n<p>&nbsp;<\/p>\n<p>&nbsp;<\/p>\n<p>&nbsp;<\/p>\n<p>&nbsp;<\/p>\n<p>&nbsp;<\/p>\n","protected":false},"excerpt":{"rendered":"<p>Clic sobre la imagen para descargar convocatoria completa en formato PDF. presentaci\u00f3n de expedientes d\u00edas\u00a0 del 16 al 19 de febrero del 2018\u00a0 Correcci\u00f3n para adjudicar plazas nivel inicial seg\u00fan MEMOR\u00c1NDUM N\u00ba 098-2018-GRLL-GGR\/GRSE-UGEL-SC-DIR. descargar\u00a0(aqu\u00ed) El cuadro final de Ed. Inicial para la III Etapa Tramo II, contiene las plazas restantes no adjudicadas en la Etapa&#8230;<\/p>\n","protected":false},"author":1,"featured_media":0,"comment_status":"closed","ping_status":"open","sticky":false,"template":"","format":"aside","meta":[],"categories":[21],"tags":[],"_links":{"self":[{"href":"http:\/\/www.ugelsanchezcarrion.gob.pe\/index.php?rest_route=\/wp\/v2\/posts\/3329"}],"collection":[{"href":"http:\/\/www.ugelsanchezcarrion.gob.pe\/index.php?rest_route=\/wp\/v2\/posts"}],"about":[{"href":"http:\/\/www.ugelsanchezcarrion.gob.pe\/index.php?rest_route=\/wp\/v2\/types\/post"}],"author":[{"embeddable":true,"href":"http:\/\/www.ugelsanchezcarrion.gob.pe\/index.php?rest_route=\/wp\/v2\/users\/1"}],"replies":[{"embeddable":true,"href":"http:\/\/www.ugelsanchezcarrion.gob.pe\/index.php?rest_route=%2Fwp%2Fv2%2Fcomments&post=3329"}],"version-history":[{"count":26,"href":"http:\/\/www.ugelsanchezcarrion.gob.pe\/index.php?rest_route=\/wp\/v2\/posts\/3329\/revisions"}],"predecessor-version":[{"id":3428,"href":"http:\/\/www.ugelsanchezcarrion.gob.pe\/index.php?rest_route=\/wp\/v2\/posts\/3329\/revisions\/3428"}],"wp:attachment":[{"href":"http:\/\/www.ugelsanchezcarrion.gob.pe\/index.php?rest_route=%2Fwp%2Fv2%2Fmedia&parent=3329"}],"wp:term":[{"taxonomy":"category","embeddable":true,"href":"http:\/\/www.ugelsanchezcarrion.gob.pe\/index.php?rest_route=%2Fwp%2Fv2%2Fcategories&post=3329"},{"taxonomy":"post_tag","embeddable":true,"href":"http:\/\/www.ugelsanchezcarrion.gob.pe\/index.php?rest_route=%2Fwp%2Fv2%2Ftags&post=3329"}],"curies":[{"name":"wp","href":"https:\/\/api.w.org\/{rel}","templated":true}]}}