{"id":3404,"date":"2018-02-26T15:59:36","date_gmt":"2018-02-26T20:59:36","guid":{"rendered":"http:\/\/38.242.151.198\/\/?p=3404"},"modified":"2018-02-26T15:59:36","modified_gmt":"2018-02-26T20:59:36","slug":"cuadro-meritos-plazas-vacantes-educacion-fisica-nivel-primaria-iii-etapa-tramo-1","status":"publish","type":"post","link":"http:\/\/www.ugelsanchezcarrion.gob.pe\/?p=3404","title":{"rendered":"Cuadro de m\u00e9ritos y plazas vacantes Educaci\u00f3n F\u00edsica nivel primaria III etapa tramo 1"},"content":{"rendered":"<p><a href=\"http:\/\/38.242.151.198\/\/wordpress\/wp-content\/uploads\/2018\/02\/plaza-ed-fisica-primaria.pdf\"><img loading=\"lazy\" class=\"alignnone wp-image-3405 size-full\" src=\"http:\/\/38.242.151.198\/\/wordpress\/wp-content\/uploads\/2018\/02\/plaza-ed-fisica-primaria.jpg\" alt=\"\" width=\"600\" height=\"438\" srcset=\"http:\/\/www.ugelsanchezcarrion.gob.pe\/wordpress\/wp-content\/uploads\/2018\/02\/plaza-ed-fisica-primaria.jpg 600w, http:\/\/www.ugelsanchezcarrion.gob.pe\/wordpress\/wp-content\/uploads\/2018\/02\/plaza-ed-fisica-primaria-300x219.jpg 300w\" sizes=\"(max-width: 600px) 100vw, 600px\" \/><\/a><\/p>\n<h3><span style=\"color: #ff0000;\"><em><strong>Se comunica a todos los interesados que la adjudicaci\u00f3n de plazas del nivel primario en educaci\u00f3n f\u00edsica se llevara a cabo el d\u00eda martes 27 de febrero de 2018 a partir de las 9:00a.m. en el patio de UGEL S\u00e1nchez Carri\u00f3n.<\/strong><\/em><\/span><\/h3>\n<hr \/>\n<p><i class=\"fa fa-hand-o-right\" aria-hidden=\"true\"><\/i> <em><strong><span style=\"color: #800000;\">Plazas vacantes descargar<\/span><\/strong><\/em> <i class=\"fa fa-file-pdf-o\" aria-hidden=\"true\"><\/i>(<a href=\"http:\/\/38.242.151.198\/\/wordpress\/wp-content\/uploads\/2018\/02\/plaza-ed-fisica-primaria.pdf\" target=\"_blank\" rel=\"noopener\">aqu\u00ed<\/a>)<\/p>\n<p><i class=\"fa fa-hand-o-right\" aria-hidden=\"true\"><\/i> <em><strong><span style=\"color: #800000;\">Cuadro de m\u00e9ritos descargar<\/span><\/strong><\/em> <i class=\"fa fa-file-pdf-o\" aria-hidden=\"true\"><\/i>(<a href=\"http:\/\/38.242.151.198\/\/wordpress\/wp-content\/uploads\/2018\/02\/ed-fisica-primaria.pdf\" target=\"_blank\" rel=\"noopener\">aqu\u00ed<\/a>)<\/p>\n<p>&nbsp;<\/p>\n<p>&nbsp;<\/p>\n<p>&nbsp;<\/p>\n<p>&nbsp;<\/p>\n<p>&nbsp;<\/p>\n<p>&nbsp;<\/p>\n<p>&nbsp;<\/p>\n<p>&nbsp;<\/p>\n<p>&nbsp;<\/p>\n<p>&nbsp;<\/p>\n","protected":false},"excerpt":{"rendered":"<p>Se comunica a todos los interesados que la adjudicaci\u00f3n de plazas del nivel primario en educaci\u00f3n f\u00edsica se llevara a cabo el d\u00eda martes 27 de febrero de 2018 a partir de las 9:00a.m. en el patio de UGEL S\u00e1nchez Carri\u00f3n. Plazas vacantes descargar (aqu\u00ed) Cuadro de m\u00e9ritos descargar (aqu\u00ed) &nbsp; &nbsp; &nbsp; &nbsp; &nbsp;&#8230;<\/p>\n","protected":false},"author":1,"featured_media":0,"comment_status":"closed","ping_status":"open","sticky":false,"template":"","format":"aside","meta":[],"categories":[21],"tags":[],"_links":{"self":[{"href":"http:\/\/www.ugelsanchezcarrion.gob.pe\/index.php?rest_route=\/wp\/v2\/posts\/3404"}],"collection":[{"href":"http:\/\/www.ugelsanchezcarrion.gob.pe\/index.php?rest_route=\/wp\/v2\/posts"}],"about":[{"href":"http:\/\/www.ugelsanchezcarrion.gob.pe\/index.php?rest_route=\/wp\/v2\/types\/post"}],"author":[{"embeddable":true,"href":"http:\/\/www.ugelsanchezcarrion.gob.pe\/index.php?rest_route=\/wp\/v2\/users\/1"}],"replies":[{"embeddable":true,"href":"http:\/\/www.ugelsanchezcarrion.gob.pe\/index.php?rest_route=%2Fwp%2Fv2%2Fcomments&post=3404"}],"version-history":[{"count":1,"href":"http:\/\/www.ugelsanchezcarrion.gob.pe\/index.php?rest_route=\/wp\/v2\/posts\/3404\/revisions"}],"predecessor-version":[{"id":3408,"href":"http:\/\/www.ugelsanchezcarrion.gob.pe\/index.php?rest_route=\/wp\/v2\/posts\/3404\/revisions\/3408"}],"wp:attachment":[{"href":"http:\/\/www.ugelsanchezcarrion.gob.pe\/index.php?rest_route=%2Fwp%2Fv2%2Fmedia&parent=3404"}],"wp:term":[{"taxonomy":"category","embeddable":true,"href":"http:\/\/www.ugelsanchezcarrion.gob.pe\/index.php?rest_route=%2Fwp%2Fv2%2Fcategories&post=3404"},{"taxonomy":"post_tag","embeddable":true,"href":"http:\/\/www.ugelsanchezcarrion.gob.pe\/index.php?rest_route=%2Fwp%2Fv2%2Ftags&post=3404"}],"curies":[{"name":"wp","href":"https:\/\/api.w.org\/{rel}","templated":true}]}}