{"id":3504,"date":"2018-03-13T17:42:56","date_gmt":"2018-03-13T22:42:56","guid":{"rendered":"http:\/\/38.242.151.198\/\/?p=3504"},"modified":"2018-03-13T22:52:30","modified_gmt":"2018-03-14T03:52:30","slug":"convocatoria-plazas-desiertas-etapa-extraordinaria-n-2-ugel-sc-2018","status":"publish","type":"post","link":"http:\/\/www.ugelsanchezcarrion.gob.pe\/?p=3504","title":{"rendered":"Convocatoria de plazas desiertas \u2013 Etapa Extraordinaria N\u00b0 2 UGEL &#8211; SC &#8211; 2018 <span class=\"label label-danger\">(Plazas Vacantes)<\/span>"},"content":{"rendered":"<p><span style=\"color: #ff0000;\"><strong><em>Clic sobre el comunicado para descargar convocatoria completa en formato PDF<\/em><\/strong><\/span><\/p>\n<p><a href=\"http:\/\/38.242.151.198\/\/wordpress\/wp-content\/uploads\/2018\/03\/convocatoria-02.pdf\"><img loading=\"lazy\" class=\"alignnone wp-image-3505 size-full\" src=\"http:\/\/38.242.151.198\/\/wordpress\/wp-content\/uploads\/2018\/03\/convocatoria-02.jpg\" alt=\"\" width=\"600\" height=\"457\" srcset=\"http:\/\/www.ugelsanchezcarrion.gob.pe\/wordpress\/wp-content\/uploads\/2018\/03\/convocatoria-02.jpg 600w, http:\/\/www.ugelsanchezcarrion.gob.pe\/wordpress\/wp-content\/uploads\/2018\/03\/convocatoria-02-300x229.jpg 300w\" sizes=\"(max-width: 600px) 100vw, 600px\" \/><\/a><\/p>\n<hr \/>\n<p><em><strong><span style=\"color: #800000;\">Plazas vacantes<\/span>\u00a0<span style=\"color: #800000;\">inicial<\/span> descargar<\/strong><\/em> (<a href=\"http:\/\/38.242.151.198\/\/wordpress\/wp-content\/uploads\/2018\/03\/INICIAL.pdf\" target=\"_blank\" rel=\"noopener\">aqu\u00ed<\/a>)<\/p>\n<p><em><strong><span style=\"color: #800000;\">Plazas vacantes<\/span>\u00a0<span style=\"color: #800000;\">secundaria<\/span> descargar<\/strong><\/em> (<a href=\"http:\/\/38.242.151.198\/\/wordpress\/wp-content\/uploads\/2018\/03\/SECUNDARIA.pdf\" target=\"_blank\" rel=\"noopener\">aqu\u00ed<\/a>)<\/p>\n<ul>\n<li>\n<h2><span style=\"color: #ff0000;\">las \u00e1reas que no se mencionan en la convocatoria se adjudicaran el d\u00eda jueves 15 de marzo de 2018<\/span><\/h2>\n<\/li>\n<\/ul>\n<p>&nbsp;<\/p>\n<p>&nbsp;<\/p>\n<p>&nbsp;<\/p>\n<p>&nbsp;<\/p>\n<p>&nbsp;<\/p>\n","protected":false},"excerpt":{"rendered":"<p>Clic sobre el comunicado para descargar convocatoria completa en formato PDF Plazas vacantes\u00a0inicial descargar (aqu\u00ed) Plazas vacantes\u00a0secundaria descargar (aqu\u00ed) las \u00e1reas que no se mencionan en la convocatoria se adjudicaran el d\u00eda jueves 15 de marzo de 2018 &nbsp; &nbsp; &nbsp; &nbsp; &nbsp;<\/p>\n","protected":false},"author":1,"featured_media":0,"comment_status":"closed","ping_status":"open","sticky":false,"template":"","format":"aside","meta":[],"categories":[21],"tags":[],"_links":{"self":[{"href":"http:\/\/www.ugelsanchezcarrion.gob.pe\/index.php?rest_route=\/wp\/v2\/posts\/3504"}],"collection":[{"href":"http:\/\/www.ugelsanchezcarrion.gob.pe\/index.php?rest_route=\/wp\/v2\/posts"}],"about":[{"href":"http:\/\/www.ugelsanchezcarrion.gob.pe\/index.php?rest_route=\/wp\/v2\/types\/post"}],"author":[{"embeddable":true,"href":"http:\/\/www.ugelsanchezcarrion.gob.pe\/index.php?rest_route=\/wp\/v2\/users\/1"}],"replies":[{"embeddable":true,"href":"http:\/\/www.ugelsanchezcarrion.gob.pe\/index.php?rest_route=%2Fwp%2Fv2%2Fcomments&post=3504"}],"version-history":[{"count":3,"href":"http:\/\/www.ugelsanchezcarrion.gob.pe\/index.php?rest_route=\/wp\/v2\/posts\/3504\/revisions"}],"predecessor-version":[{"id":3508,"href":"http:\/\/www.ugelsanchezcarrion.gob.pe\/index.php?rest_route=\/wp\/v2\/posts\/3504\/revisions\/3508"}],"wp:attachment":[{"href":"http:\/\/www.ugelsanchezcarrion.gob.pe\/index.php?rest_route=%2Fwp%2Fv2%2Fmedia&parent=3504"}],"wp:term":[{"taxonomy":"category","embeddable":true,"href":"http:\/\/www.ugelsanchezcarrion.gob.pe\/index.php?rest_route=%2Fwp%2Fv2%2Fcategories&post=3504"},{"taxonomy":"post_tag","embeddable":true,"href":"http:\/\/www.ugelsanchezcarrion.gob.pe\/index.php?rest_route=%2Fwp%2Fv2%2Ftags&post=3504"}],"curies":[{"name":"wp","href":"https:\/\/api.w.org\/{rel}","templated":true}]}}