{"id":3742,"date":"2018-05-16T22:51:04","date_gmt":"2018-05-17T03:51:04","guid":{"rendered":"http:\/\/38.242.151.198\/\/?p=3742"},"modified":"2018-05-16T22:50:53","modified_gmt":"2018-05-17T03:50:53","slug":"convocatoria-cas-no-003-2018-ue-0307-ugel-s-c","status":"publish","type":"post","link":"http:\/\/www.ugelsanchezcarrion.gob.pe\/?p=3742","title":{"rendered":"CONVOCATORIA CAS N\u00ba 003- 2018 UE 0307-UGEL S.C. <span class=\"label label-danger\">(Resultados Finales)<\/span>"},"content":{"rendered":"<p><span style=\"color: #ff0000;\"><em><strong>Clic sobre la imagen para descargar convocatoria CAS N\u00b0003 en formato PDF<\/strong><\/em><\/span><\/p>\n<p><a href=\"http:\/\/38.242.151.198\/\/wordpress\/wp-content\/uploads\/2018\/04\/CONVOCATORIA-CAS-003-2018-UGEL-SC.pdf\"><img loading=\"lazy\" class=\"alignnone wp-image-3743 size-full\" src=\"http:\/\/38.242.151.198\/\/wordpress\/wp-content\/uploads\/2018\/04\/CONVOCATORIA-CAS-003-2018-UGEL-SC.jpg\" alt=\"\" width=\"600\" height=\"418\" srcset=\"http:\/\/www.ugelsanchezcarrion.gob.pe\/wordpress\/wp-content\/uploads\/2018\/04\/CONVOCATORIA-CAS-003-2018-UGEL-SC.jpg 600w, http:\/\/www.ugelsanchezcarrion.gob.pe\/wordpress\/wp-content\/uploads\/2018\/04\/CONVOCATORIA-CAS-003-2018-UGEL-SC-300x209.jpg 300w, http:\/\/www.ugelsanchezcarrion.gob.pe\/wordpress\/wp-content\/uploads\/2018\/04\/CONVOCATORIA-CAS-003-2018-UGEL-SC-320x224.jpg 320w\" sizes=\"(max-width: 600px) 100vw, 600px\" \/><\/a><\/p>\n<hr \/>\n<p>&nbsp;<\/p>\n<p><i class=\"fa fa-hand-o-right\" aria-hidden=\"true\"><\/i> <span style=\"color: #800000;\"><em><strong>Temario de evaluaci\u00f3n para Acompa\u00f1antes Pedag\u00f3gico<\/strong><strong>s <span style=\"color: #000000;\">descargar <\/span><\/strong><\/em><strong><span style=\"color: #000000;\"><i class=\"far fa-file-pdf\"><\/i>(<a href=\"http:\/\/38.242.151.198\/\/wordpress\/wp-content\/uploads\/2018\/04\/TEMARIO-DE-EVALUACI\u00d3N-T\u00c9CNICA-LP-2018.pdf\" target=\"_blank\" rel=\"noopener\">aqu\u00ed<\/a>)<\/span><\/strong><\/span><\/p>\n<hr \/>\n<h3><span style=\"color: #ff0000;\"><em><strong>resultados evaluaci\u00f3n curricular (hojas de vida) CAS 003<\/strong><\/em><\/span><\/h3>\n<p>&nbsp;<\/p>\n<p><i class=\"fa fa-hand-o-right\" aria-hidden=\"true\"><\/i> <strong><span style=\"color: #800000;\"><em>Responsable de la Atenci\u00f3n de Centro de Recursos para el Aprendizaje &#8211; CRA<\/em><\/span> descargar<\/strong> <i class=\"far fa-file-pdf\"><\/i>(<a href=\"http:\/\/38.242.151.198\/\/wordpress\/wp-content\/uploads\/2018\/04\/CRA.pdf\" target=\"_blank\" rel=\"noopener\">aqu\u00ed<\/a>)<\/p>\n<p><i class=\"fa fa-hand-o-right\" aria-hidden=\"true\"><\/i> <em><strong><span style=\"color: #800000;\">Responsable Local de Calidad de la Informaci\u00f3n<\/span><\/strong><\/em> <strong>descargar<\/strong> <i class=\"far fa-file-pdf\"><\/i>(<a href=\"http:\/\/38.242.151.198\/\/wordpress\/wp-content\/uploads\/2018\/04\/CRI.pdf\" target=\"_blank\" rel=\"noopener\">aqu\u00ed<\/a>)<\/p>\n<p><i class=\"fa fa-hand-o-right\" aria-hidden=\"true\"><\/i> <span style=\"color: #800000;\"><em><strong>Acompa\u00f1antes Pedag\u00f3gicos para II.EE. Multigrado monoling\u00fce<\/strong><\/em><\/span> <strong>descargar<\/strong> <i class=\"far fa-file-pdf\"><\/i>(<a href=\"http:\/\/38.242.151.198\/\/wordpress\/wp-content\/uploads\/2018\/04\/AP-MULT.pdf\" target=\"_blank\" rel=\"noopener\">aqu\u00ed<\/a>)<\/p>\n<p><i class=\"fa fa-hand-o-right\" aria-hidden=\"true\"><\/i> <span style=\"color: #800000;\"><em><strong>Acompa\u00f1antes Pedag\u00f3gicos Primaria Polidocente Completa<\/strong><\/em><\/span> <strong>descargar<\/strong> <i class=\"far fa-file-pdf\"><\/i>(<a href=\"http:\/\/38.242.151.198\/\/wordpress\/wp-content\/uploads\/2018\/04\/polid.-complet.pdf\" target=\"_blank\" rel=\"noopener\">aqu\u00ed<\/a>)<\/p>\n<p><span style=\"color: #0000ff;\">Precisiones para evaluaci\u00f3n t\u00e9cnica para postulantes en Acompa\u00f1amiento Pedag\u00f3gico Multigrado<\/span><\/p>\n<p><span style=\"color: #0000ff;\">Considerar las siguientes precisiones para Los postulantes aptos en evaluaci\u00f3n curricular<\/span><\/p>\n<ul>\n<li><span style=\"color: #0000ff;\">Se llevara a cabo en la instituci\u00f3n educativa <span style=\"color: #ff0000;\"><em><strong>\u201cLa Inmaculada\u201d Jr. Balta Frente al mercado central.<\/strong><\/em><\/span><\/span><\/li>\n<li><span style=\"color: #0000ff;\">Hora de entrada 1:30p.m., hora de inicio 2:00p.m. hora exacta<\/span><\/li>\n<li><span style=\"color: #0000ff;\">Portar DNI actualizado.<\/span><\/li>\n<li><span style=\"color: #0000ff;\">Llevar lapicero azul.<\/span><\/li>\n<\/ul>\n<p><span style=\"color: #0000ff;\">No portar celulares, bolsos, mochilas, carteras, gorras etc.<\/span><\/p>\n<hr \/>\n<h3><em><strong><span style=\"color: #ff0000;\">CAS 003 JEC<\/span><\/strong><\/em><\/h3>\n<p><span style=\"color: #800000;\"><em><strong>Apoyo Educativo<\/strong><\/em><\/span>\u00a0<strong>descargar<\/strong> <i class=\"far fa-file-pdf\"><\/i>(<a href=\"http:\/\/38.242.151.198\/\/wordpress\/wp-content\/uploads\/2018\/04\/Ap.-educ.pdf\" target=\"_blank\" rel=\"noopener\">aqu\u00ed<\/a>)<\/p>\n<p><i class=\"fa fa-hand-o-right\" aria-hidden=\"true\"><\/i> <span style=\"color: #800000;\"><em><strong>Secretario(a)<\/strong><\/em><\/span>\u00a0<span style=\"color: #000000;\"><strong>descargar<\/strong><\/span> <i class=\"far fa-file-pdf\"><\/i>(<a href=\"http:\/\/38.242.151.198\/\/wordpress\/wp-content\/uploads\/2018\/04\/secre.pdf\" target=\"_blank\" rel=\"noopener\">aqu\u00ed<\/a>)<\/p>\n<p><i class=\"fa fa-hand-o-right\" aria-hidden=\"true\"><\/i> <span style=\"color: #800000;\"><em><strong>Personal de mantenimiento<\/strong><\/em><\/span>\u00a0<strong><span style=\"color: #000000;\">descargar<\/span><\/strong> <i class=\"far fa-file-pdf\"><\/i>(<a href=\"http:\/\/38.242.151.198\/\/wordpress\/wp-content\/uploads\/2018\/04\/mantenimiento.pdf\" target=\"_blank\" rel=\"noopener\">aqu\u00ed<\/a>)<\/p>\n<p><i class=\"fa fa-hand-o-right\" aria-hidden=\"true\"><\/i> <span style=\"color: #800000;\"><em><strong>Personal de Vigilancia<\/strong><\/em><\/span>\u00a0<strong><span style=\"color: #000000;\">descargar<\/span><\/strong> <i class=\"far fa-file-pdf\"><\/i>(<a href=\"http:\/\/38.242.151.198\/\/wordpress\/wp-content\/uploads\/2018\/04\/vigilantes.pdf\" target=\"_blank\" rel=\"noopener\">aqu\u00ed<\/a>)<\/p>\n<hr \/>\n<h3><span style=\"color: #ff0000;\"><em><strong>EXPEDIENTES PRESENTADOS FUERA DE FECHA Y HORA<\/strong><\/em><\/span><\/h3>\n<p><em><strong>descargar<\/strong><\/em> (<a href=\"http:\/\/38.242.151.198\/\/wordpress\/wp-content\/uploads\/2018\/05\/fuera-de-fecha-y-hora.pdf\" target=\"_blank\" rel=\"noopener\">aqu\u00ed<\/a>)<\/p>\n<hr \/>\n<p><span style=\"color: #800000;\"><em><strong>Comunicado para el proceso de contrataci\u00f3n cas N\u00b0 003<\/strong><\/em><\/span> <span style=\"color: #000000;\"><strong>descargar<\/strong><\/span> (<a href=\"http:\/\/38.242.151.198\/\/wordpress\/wp-content\/uploads\/2018\/05\/Comunicado-para-el-proceso-de-contrataci\u00f3n-cas-N\u00b0-003.pdf\" target=\"_blank\" rel=\"noopener\">aqu\u00ed<\/a>)<\/p>\n<hr \/>\n<h2><span style=\"color: #ff0000;\"><em><strong>Resultados preliminares acompa\u00f1antes pedag\u00f3gicos de II.EE. multigrado monoling\u00fce<\/strong><\/em><\/span><\/h2>\n<p><strong>descargar<\/strong> (<a href=\"http:\/\/38.242.151.198\/\/wordpress\/wp-content\/uploads\/2018\/05\/RESULTADOS-PRELIMINARES-.pdf\" target=\"_blank\" rel=\"noopener\">aqu\u00ed<\/a>)<\/p>\n<hr \/>\n<p><strong><span style=\"color: #800000;\"><em>Absoluci\u00f3n de reclamos <\/em><span style=\"color: #000000;\">descargar (<a href=\"http:\/\/38.242.151.198\/\/wordpress\/wp-content\/uploads\/2018\/05\/RECLAMOS.pdf\" target=\"_blank\" rel=\"noopener\">aqu\u00ed<\/a>)<\/span><\/span><\/strong><\/p>\n<p><strong><span style=\"color: #800000;\"><em>Entrevista personal d\u00eda lunes 14 de mayo <\/em><span style=\"color: #000000;\">descargar (<a href=\"http:\/\/38.242.151.198\/\/wordpress\/wp-content\/uploads\/2018\/05\/LUNES-140518.pdf\" target=\"_blank\" rel=\"noopener\">aqu\u00ed<\/a>)<\/span><\/span><\/strong><\/p>\n<p><strong><span style=\"color: #800000;\"><em>Entrevista personal d\u00eda martes 15 de mayo <\/em><\/span><span style=\"color: #000000;\">descargar (<a href=\"http:\/\/38.242.151.198\/\/wordpress\/wp-content\/uploads\/2018\/05\/ACOMPA\u00d1ANTES-MARTES.pdf\" target=\"_blank\" rel=\"noopener\">aqu\u00ed<\/a>)<\/span><\/strong><\/p>\n<hr \/>\n<h2><span style=\"color: #ff0000;\"><strong><em>Resultados finales de personal CAS<\/em><\/strong><\/span><\/h2>\n<p><strong><span style=\"color: #800000;\"><em>Resultados finales de personal (RCI, Apoyo Educativo, Vigilante)<\/em> <\/span>descargar<\/strong> (<a href=\"http:\/\/38.242.151.198\/\/wordpress\/wp-content\/uploads\/2018\/05\/PARTE-I.pdf\" target=\"_blank\" rel=\"noopener\">aqu\u00ed<\/a>)<\/p>\n<p><strong><em><span style=\"color: #800000;\">Resultados finales de personal (CRA, Mantenimiento)<\/span><\/em> descargar<\/strong> (<a href=\"http:\/\/38.242.151.198\/\/wordpress\/wp-content\/uploads\/2018\/05\/PARTE-II.pdf\" target=\"_blank\" rel=\"noopener\">aqu\u00ed<\/a>)<\/p>\n<p><strong><span style=\"color: #800000;\"><em>Resultados finales de personal (AP Multigrado, AP Polidocente)<\/em><\/span> descargar<\/strong> (<a href=\"http:\/\/38.242.151.198\/\/wordpress\/wp-content\/uploads\/2018\/05\/RESULTADOS-FINALES-AP.pdf\" target=\"_blank\" rel=\"noopener\">aqu\u00ed<\/a>)<\/p>\n<p>&nbsp;<\/p>\n<p><span style=\"color: #ff0000;\"><em><strong>Adjudicaci\u00f3n d\u00eda 17 de mayo\u00a0 en el patio central de UGEL S\u00e1nchez Carri\u00f3n a las 3:00 p.m.<\/strong><\/em><\/span><\/p>\n<hr \/>\n<p>&nbsp;<\/p>\n<p>&nbsp;<\/p>\n<p>&nbsp;<\/p>\n<p>&nbsp;<\/p>\n<p>&nbsp;<\/p>\n<p>&nbsp;<\/p>\n<p>&nbsp;<\/p>\n","protected":false},"excerpt":{"rendered":"<p>Clic sobre la imagen para descargar convocatoria CAS N\u00b0003 en formato PDF &nbsp; Temario de evaluaci\u00f3n para Acompa\u00f1antes Pedag\u00f3gicos descargar (aqu\u00ed) resultados evaluaci\u00f3n curricular (hojas de vida) CAS 003 &nbsp; Responsable de la Atenci\u00f3n de Centro de Recursos para el Aprendizaje &#8211; CRA descargar (aqu\u00ed) Responsable Local de Calidad de la Informaci\u00f3n descargar (aqu\u00ed) Acompa\u00f1antes&#8230;<\/p>\n","protected":false},"author":1,"featured_media":0,"comment_status":"closed","ping_status":"open","sticky":false,"template":"","format":"aside","meta":[],"categories":[21],"tags":[],"_links":{"self":[{"href":"http:\/\/www.ugelsanchezcarrion.gob.pe\/index.php?rest_route=\/wp\/v2\/posts\/3742"}],"collection":[{"href":"http:\/\/www.ugelsanchezcarrion.gob.pe\/index.php?rest_route=\/wp\/v2\/posts"}],"about":[{"href":"http:\/\/www.ugelsanchezcarrion.gob.pe\/index.php?rest_route=\/wp\/v2\/types\/post"}],"author":[{"embeddable":true,"href":"http:\/\/www.ugelsanchezcarrion.gob.pe\/index.php?rest_route=\/wp\/v2\/users\/1"}],"replies":[{"embeddable":true,"href":"http:\/\/www.ugelsanchezcarrion.gob.pe\/index.php?rest_route=%2Fwp%2Fv2%2Fcomments&post=3742"}],"version-history":[{"count":12,"href":"http:\/\/www.ugelsanchezcarrion.gob.pe\/index.php?rest_route=\/wp\/v2\/posts\/3742\/revisions"}],"predecessor-version":[{"id":3897,"href":"http:\/\/www.ugelsanchezcarrion.gob.pe\/index.php?rest_route=\/wp\/v2\/posts\/3742\/revisions\/3897"}],"wp:attachment":[{"href":"http:\/\/www.ugelsanchezcarrion.gob.pe\/index.php?rest_route=%2Fwp%2Fv2%2Fmedia&parent=3742"}],"wp:term":[{"taxonomy":"category","embeddable":true,"href":"http:\/\/www.ugelsanchezcarrion.gob.pe\/index.php?rest_route=%2Fwp%2Fv2%2Fcategories&post=3742"},{"taxonomy":"post_tag","embeddable":true,"href":"http:\/\/www.ugelsanchezcarrion.gob.pe\/index.php?rest_route=%2Fwp%2Fv2%2Ftags&post=3742"}],"curies":[{"name":"wp","href":"https:\/\/api.w.org\/{rel}","templated":true}]}}