{"id":3751,"date":"2018-05-11T07:23:41","date_gmt":"2018-05-11T12:23:41","guid":{"rendered":"http:\/\/38.242.151.198\/\/?p=3751"},"modified":"2018-06-05T10:26:31","modified_gmt":"2018-06-05T15:26:31","slug":"convocatoria-cas-no-004-2018-ue-0307-ugel-s-c","status":"publish","type":"post","link":"http:\/\/www.ugelsanchezcarrion.gob.pe\/?p=3751","title":{"rendered":"CONVOCATORIA CAS N\u00ba 004- 2018 UE 0307-UGEL S.C. <span class=\"label label-danger\">(Cerrado)<\/span>"},"content":{"rendered":"<p><span style=\"color: #ff0000;\"><em><strong>Clic sobre la imagen para descargar convocatoria CAS N\u00b0004 en formato PDF<\/strong><\/em><\/span><\/p>\n<p><a href=\"http:\/\/38.242.151.198\/\/wordpress\/wp-content\/uploads\/2018\/04\/CONVOCATORIA-CAS-004-2018-UGEL-SC.pdf\"><img loading=\"lazy\" class=\"alignnone wp-image-3746 size-full\" src=\"http:\/\/38.242.151.198\/\/wordpress\/wp-content\/uploads\/2018\/04\/CONVOCATORIA-CAS-004-2018-UGEL-SC.jpg\" alt=\"\" width=\"600\" height=\"407\" srcset=\"http:\/\/www.ugelsanchezcarrion.gob.pe\/wordpress\/wp-content\/uploads\/2018\/04\/CONVOCATORIA-CAS-004-2018-UGEL-SC.jpg 600w, http:\/\/www.ugelsanchezcarrion.gob.pe\/wordpress\/wp-content\/uploads\/2018\/04\/CONVOCATORIA-CAS-004-2018-UGEL-SC-300x204.jpg 300w\" sizes=\"(max-width: 600px) 100vw, 600px\" \/><\/a><\/p>\n<hr \/>\n<p><i class=\"fa fa-hand-o-right\" aria-hidden=\"true\"><\/i> <em><strong><span style=\"color: #800000;\">Fe de ERRATAS error material en CRONOGRAMA,<\/span> descargar nuevo cronograma<\/strong><\/em> <i class=\"far fa-file-pdf\"><\/i> (<a href=\"http:\/\/38.242.151.198\/\/wordpress\/wp-content\/uploads\/2018\/04\/fe-de-erratas-CAS-004-218.pdf\" target=\"_blank\" rel=\"noopener\">aqu\u00ed<\/a>)<\/p>\n<p>&nbsp;<\/p>\n<hr \/>\n<p><i class=\"fa fa-hand-o-right\" aria-hidden=\"true\"><\/i> <em><strong><span style=\"color: #800000;\">LISTA DE POSTULANTES APTOS CAS 004 JEC<\/span> descargar<\/strong><\/em> <i class=\"far fa-file-pdf\"><\/i>(<a href=\"http:\/\/38.242.151.198\/\/wordpress\/wp-content\/uploads\/2018\/04\/aptos-cas-004-jec.pdf\" target=\"_blank\" rel=\"noopener\">aqu\u00ed<\/a>)<\/p>\n<h4><span style=\"color: #ff0000;\">Para los postulantes JEC aptos el examen t\u00e9cnico virtual se realizara en el colegio Florencia de Mora, Jr. Florencia de Mora S\/N el d\u00eda 03 de mayo de 2018 a horas\u00a0 9:00am, se les hace recordar a los postulantes que deben portar su DNI y no llevar celular, laptop, Tablet o afines de lo contrario no se les permitir\u00e1 ingresar.<\/span><\/h4>\n<p><i class=\"fa fa-hand-o-right\" aria-hidden=\"true\"><\/i> <em><strong><span style=\"color: #800000;\">LISTA DE POSTULANTES APTOS CAS 004 SEDE<\/span> descargar<\/strong><\/em> <i class=\"far fa-file-pdf\"><\/i>(<a href=\"http:\/\/38.242.151.198\/\/wordpress\/wp-content\/uploads\/2018\/04\/aptos-sede-cas-004.pdf\" target=\"_blank\" rel=\"noopener\">aqu\u00ed<\/a>)<\/p>\n<p><i class=\"fa fa-hand-o-right\" aria-hidden=\"true\"><\/i> <span style=\"color: #800000;\"><em><strong>Resultados\u00a0Evaluaci\u00f3n t\u00e9cnica para CAS 004 JEC descargar<\/strong><\/em><\/span> <i class=\"far fa-file-pdf\"><\/i>(<a href=\"http:\/\/38.242.151.198\/\/wordpress\/wp-content\/uploads\/2018\/04\/resultados-Evaluaci\u00f3n-t\u00e9cnica-JEC.pdf\" target=\"_blank\" rel=\"noopener\">aqu\u00ed<\/a>) <span class=\"label label-primary\">05\/05\/2018<\/span><\/p>\n<p>&nbsp;<\/p>\n<hr \/>\n<p><i class=\"fa fa-hand-o-right\" aria-hidden=\"true\"><\/i> <span style=\"color: #800000;\"><em><strong>LISTA DE POSTULANTES NO APTOS E IMPROCEDENTES CAS 004<\/strong><\/em><\/span> descargar <i class=\"far fa-file-pdf\"><\/i>(<a href=\"http:\/\/38.242.151.198\/\/wordpress\/wp-content\/uploads\/2018\/04\/no-aptos-cas-004.pdf\" target=\"_blank\" rel=\"noopener\">aqu\u00ed<\/a>)<\/p>\n<hr \/>\n<p><i class=\"fa fa-hand-o-right\" aria-hidden=\"true\"><\/i> <span style=\"color: #800000;\"><em><strong>ABSOLUCI\u00d3N DE RECLAMOS CAS JEC 004 <\/strong><\/em><span style=\"color: #000000;\"><strong>descargar <\/strong><i class=\"far fa-file-pdf\"><\/i>(<a href=\"http:\/\/38.242.151.198\/\/wordpress\/wp-content\/uploads\/2018\/05\/RECLAMOS-CAS-JEC-004.pdf\" target=\"_blank\" rel=\"noopener\">aqu\u00ed<\/a>)<\/span><\/span><\/p>\n<hr \/>\n<p><i class=\"fa fa-hand-o-right\" aria-hidden=\"true\"><\/i> <span style=\"color: #800000;\"><em><strong>CRONOGRAMA DE ENTREVISTAS PERSONAL &#8211; CAS 004\u00a0<\/strong><\/em><span style=\"color: #000000;\"><strong>descargar <\/strong><i class=\"far fa-file-pdf\"><\/i>(<a href=\"http:\/\/38.242.151.198\/\/wordpress\/wp-content\/uploads\/2018\/05\/CRONOGRAMA-DE-ENTREVISTAS-CAS-004.pdf\" target=\"_blank\" rel=\"noopener\">aqu\u00ed<\/a>)<\/span><\/span><\/p>\n<hr \/>\n<h2><span style=\"color: #ff0000;\"><em><strong>RESULTADOS FINALES CAS 004 JEC<\/strong><\/em><\/span><\/h2>\n<p><em><strong>descargar<\/strong><\/em> (<a href=\"http:\/\/38.242.151.198\/\/wordpress\/wp-content\/uploads\/2018\/05\/RESULTADOS-FINALES-CAS-04.pdf\" target=\"_blank\" rel=\"noopener\">aqu\u00ed<\/a>) la adjudicaci\u00f3n se llevara a cabo el d\u00eda lunes 14 de de mayo a horas 9:00 a.m. en el patio de UGEL S\u00e1nchez Carri\u00f3n<\/p>\n<p><i class=\"fa fa-hand-o-right\" aria-hidden=\"true\"><\/i> <span style=\"color: #800000;\"><em><strong>Resultados finales personal sede convocatoria N\u00b0 004-2018 <\/strong><\/em><span style=\"color: #000000;\"><strong>descargar <i class=\"far fa-file-pdf\"><\/i>(<a href=\"http:\/\/38.242.151.198\/\/wordpress\/wp-content\/uploads\/2018\/06\/Resultados-finales-personal-sede-cas-N\u00b0-004-2018.pdf\" target=\"_blank\" rel=\"noopener\">aqu\u00ed<\/a>)<\/strong><\/span><\/span> <span class=\"label label-danger\">(10\/05-2018)<\/span><\/p>\n<p>&nbsp;<\/p>\n<p>&nbsp;<\/p>\n<p>&nbsp;<\/p>\n<p>&nbsp;<\/p>\n","protected":false},"excerpt":{"rendered":"<p>Clic sobre la imagen para descargar convocatoria CAS N\u00b0004 en formato PDF Fe de ERRATAS error material en CRONOGRAMA, descargar nuevo cronograma (aqu\u00ed) &nbsp; LISTA DE POSTULANTES APTOS CAS 004 JEC descargar (aqu\u00ed) Para los postulantes JEC aptos el examen t\u00e9cnico virtual se realizara en el colegio Florencia de Mora, Jr. Florencia de Mora S\/N&#8230;<\/p>\n","protected":false},"author":1,"featured_media":0,"comment_status":"closed","ping_status":"open","sticky":false,"template":"","format":"aside","meta":[],"categories":[21],"tags":[],"_links":{"self":[{"href":"http:\/\/www.ugelsanchezcarrion.gob.pe\/index.php?rest_route=\/wp\/v2\/posts\/3751"}],"collection":[{"href":"http:\/\/www.ugelsanchezcarrion.gob.pe\/index.php?rest_route=\/wp\/v2\/posts"}],"about":[{"href":"http:\/\/www.ugelsanchezcarrion.gob.pe\/index.php?rest_route=\/wp\/v2\/types\/post"}],"author":[{"embeddable":true,"href":"http:\/\/www.ugelsanchezcarrion.gob.pe\/index.php?rest_route=\/wp\/v2\/users\/1"}],"replies":[{"embeddable":true,"href":"http:\/\/www.ugelsanchezcarrion.gob.pe\/index.php?rest_route=%2Fwp%2Fv2%2Fcomments&post=3751"}],"version-history":[{"count":13,"href":"http:\/\/www.ugelsanchezcarrion.gob.pe\/index.php?rest_route=\/wp\/v2\/posts\/3751\/revisions"}],"predecessor-version":[{"id":21985,"href":"http:\/\/www.ugelsanchezcarrion.gob.pe\/index.php?rest_route=\/wp\/v2\/posts\/3751\/revisions\/21985"}],"wp:attachment":[{"href":"http:\/\/www.ugelsanchezcarrion.gob.pe\/index.php?rest_route=%2Fwp%2Fv2%2Fmedia&parent=3751"}],"wp:term":[{"taxonomy":"category","embeddable":true,"href":"http:\/\/www.ugelsanchezcarrion.gob.pe\/index.php?rest_route=%2Fwp%2Fv2%2Fcategories&post=3751"},{"taxonomy":"post_tag","embeddable":true,"href":"http:\/\/www.ugelsanchezcarrion.gob.pe\/index.php?rest_route=%2Fwp%2Fv2%2Ftags&post=3751"}],"curies":[{"name":"wp","href":"https:\/\/api.w.org\/{rel}","templated":true}]}}