{"id":4028,"date":"2018-06-04T19:28:17","date_gmt":"2018-06-05T00:28:17","guid":{"rendered":"http:\/\/38.242.151.198\/\/?p=4028"},"modified":"2018-06-04T19:28:17","modified_gmt":"2018-06-05T00:28:17","slug":"notificacion-cesantia-cargo-los-docentes-mencionados","status":"publish","type":"post","link":"http:\/\/www.ugelsanchezcarrion.gob.pe\/?p=4028","title":{"rendered":"Notificaci\u00f3n de cesant\u00eda de cargo a los docentes mencionados"},"content":{"rendered":"<p><img loading=\"lazy\" class=\"alignnone wp-image-4036 size-full\" src=\"http:\/\/38.242.151.198\/\/wordpress\/wp-content\/uploads\/2018\/06\/teacher-with-students-in-classroom.jpg\" alt=\"\" width=\"600\" height=\"400\" srcset=\"http:\/\/www.ugelsanchezcarrion.gob.pe\/wordpress\/wp-content\/uploads\/2018\/06\/teacher-with-students-in-classroom.jpg 600w, http:\/\/www.ugelsanchezcarrion.gob.pe\/wordpress\/wp-content\/uploads\/2018\/06\/teacher-with-students-in-classroom-300x200.jpg 300w\" sizes=\"(max-width: 600px) 100vw, 600px\" \/><\/p>\n<hr \/>\n<p><i class=\"fa fa-hand-o-right\" aria-hidden=\"true\"><\/i> <span style=\"color: #800000;\"><em><strong>Santos Inosencio Palomino Reyes por renuncia <\/strong><\/em><span style=\"color: #000000;\"><strong>descargar <i class=\"far fa-file-pdf\"><\/i>(<a href=\"http:\/\/38.242.151.198\/\/wordpress\/wp-content\/uploads\/2018\/06\/Santos-Inosencio-Palomino-Reyes-renuncia.pdf\" target=\"_blank\" rel=\"noopener\">aqu\u00ed<\/a>)<\/strong><\/span><\/span><\/p>\n<p><i class=\"fa fa-hand-o-right\" aria-hidden=\"true\"><\/i> <span style=\"color: #800000;\"><em><strong>No\u00e9 Gregorio Julca Sifuentes por renuncia <\/strong><\/em><span style=\"color: #000000;\"><strong>descargar <i class=\"far fa-file-pdf\"><\/i>(<a href=\"http:\/\/38.242.151.198\/\/wordpress\/wp-content\/uploads\/2018\/06\/No\u00e9-Gregorio-Julca-Sifuentes.pdf\" target=\"_blank\" rel=\"noopener\">aqu\u00ed<\/a>)<\/strong><\/span><\/span><\/p>\n<p><i class=\"fa fa-hand-o-right\" aria-hidden=\"true\"><\/i> <span style=\"color: #800000;\"><em><strong>Manuel Antonio Trujillo Merino por l\u00edmite edad <span style=\"color: #000000;\">descargar <i class=\"far fa-file-pdf\"><\/i>(<a href=\"http:\/\/38.242.151.198\/\/wordpress\/wp-content\/uploads\/2018\/06\/Manuel-Antonio-Trujillo-Merino.pdf\" target=\"_blank\" rel=\"noopener\">aqu\u00ed<\/a>)<\/span><\/strong><\/em><\/span><\/p>\n<p><i class=\"fa fa-hand-o-right\" aria-hidden=\"true\"><\/i> <span style=\"color: #800000;\"><em><strong>Juan Huam\u00e1n Mendoza por l\u00edmite edad <\/strong><\/em><strong><span style=\"color: #000000;\">descargar <i class=\"far fa-file-pdf\"><\/i>(<a href=\"http:\/\/38.242.151.198\/\/wordpress\/wp-content\/uploads\/2018\/06\/Juan-Huam\u00e1n-Mendoza.pdf\" target=\"_blank\" rel=\"noopener\">aqu\u00ed<\/a>)<\/span><\/strong><\/span><\/p>\n<p><i class=\"fa fa-hand-o-right\" aria-hidden=\"true\"><\/i> <span style=\"color: #800000;\"><em><strong>Arminda Consuelo Benites Polo por l\u00edmite edad <\/strong><\/em><span style=\"color: #000000;\"><strong>descargar <i class=\"far fa-file-pdf\"><\/i>(<a href=\"http:\/\/38.242.151.198\/\/wordpress\/wp-content\/uploads\/2018\/06\/Arminda-Consuelo-Benites-Polo.pdf\" target=\"_blank\" rel=\"noopener\">aqu\u00ed<\/a>)<\/strong><\/span><\/span><\/p>\n<p><i class=\"fa fa-hand-o-right\" aria-hidden=\"true\"><\/i> <span style=\"color: #800000;\"><em><strong>Ad\u00e1n Humberto Rojas Castro por l\u00edmite edad <\/strong><\/em><strong><span style=\"color: #000000;\">descargar <i class=\"far fa-file-pdf\"><\/i>(<a href=\"http:\/\/38.242.151.198\/\/wordpress\/wp-content\/uploads\/2018\/06\/Ad\u00e1n-Humberto-Rojas-Castro.pdf\" target=\"_blank\" rel=\"noopener\">aqu\u00ed<\/a>)<\/span><\/strong><\/span><\/p>\n<p><i class=\"fa fa-hand-o-right\" aria-hidden=\"true\"><\/i> <span style=\"color: #800000;\"><em><strong>Lusmila de la Sota Solano por renuncia <\/strong><\/em><span style=\"color: #000000;\"><strong>descargar <i class=\"far fa-file-pdf\"><\/i>(<a href=\"http:\/\/38.242.151.198\/\/wordpress\/wp-content\/uploads\/2018\/06\/Lusmila-de-la-Sota-Solano.pdf\" target=\"_blank\" rel=\"noopener\">aqu\u00ed<\/a>)<\/strong><\/span><\/span><\/p>\n<p>&nbsp;<\/p>\n<p>&nbsp;<\/p>\n<p>&nbsp;<\/p>\n<p>&nbsp;<\/p>\n<p>&nbsp;<\/p>\n<p>&nbsp;<\/p>\n<p>&nbsp;<\/p>\n<p>&nbsp;<\/p>\n","protected":false},"excerpt":{"rendered":"<p>Santos Inosencio Palomino Reyes por renuncia descargar (aqu\u00ed) No\u00e9 Gregorio Julca Sifuentes por renuncia descargar (aqu\u00ed) Manuel Antonio Trujillo Merino por l\u00edmite edad descargar (aqu\u00ed) Juan Huam\u00e1n Mendoza por l\u00edmite edad descargar (aqu\u00ed) Arminda Consuelo Benites Polo por l\u00edmite edad descargar (aqu\u00ed) Ad\u00e1n Humberto Rojas Castro por l\u00edmite edad descargar (aqu\u00ed) Lusmila de la Sota&#8230;<\/p>\n","protected":false},"author":1,"featured_media":0,"comment_status":"closed","ping_status":"open","sticky":false,"template":"","format":"aside","meta":[],"categories":[10],"tags":[],"_links":{"self":[{"href":"http:\/\/www.ugelsanchezcarrion.gob.pe\/index.php?rest_route=\/wp\/v2\/posts\/4028"}],"collection":[{"href":"http:\/\/www.ugelsanchezcarrion.gob.pe\/index.php?rest_route=\/wp\/v2\/posts"}],"about":[{"href":"http:\/\/www.ugelsanchezcarrion.gob.pe\/index.php?rest_route=\/wp\/v2\/types\/post"}],"author":[{"embeddable":true,"href":"http:\/\/www.ugelsanchezcarrion.gob.pe\/index.php?rest_route=\/wp\/v2\/users\/1"}],"replies":[{"embeddable":true,"href":"http:\/\/www.ugelsanchezcarrion.gob.pe\/index.php?rest_route=%2Fwp%2Fv2%2Fcomments&post=4028"}],"version-history":[{"count":1,"href":"http:\/\/www.ugelsanchezcarrion.gob.pe\/index.php?rest_route=\/wp\/v2\/posts\/4028\/revisions"}],"predecessor-version":[{"id":4037,"href":"http:\/\/www.ugelsanchezcarrion.gob.pe\/index.php?rest_route=\/wp\/v2\/posts\/4028\/revisions\/4037"}],"wp:attachment":[{"href":"http:\/\/www.ugelsanchezcarrion.gob.pe\/index.php?rest_route=%2Fwp%2Fv2%2Fmedia&parent=4028"}],"wp:term":[{"taxonomy":"category","embeddable":true,"href":"http:\/\/www.ugelsanchezcarrion.gob.pe\/index.php?rest_route=%2Fwp%2Fv2%2Fcategories&post=4028"},{"taxonomy":"post_tag","embeddable":true,"href":"http:\/\/www.ugelsanchezcarrion.gob.pe\/index.php?rest_route=%2Fwp%2Fv2%2Ftags&post=4028"}],"curies":[{"name":"wp","href":"https:\/\/api.w.org\/{rel}","templated":true}]}}