{"id":4062,"date":"2018-07-01T21:30:04","date_gmt":"2018-07-02T02:30:04","guid":{"rendered":"http:\/\/38.242.151.198\/\/?p=4062"},"modified":"2018-07-03T10:25:45","modified_gmt":"2018-07-03T15:25:45","slug":"convocatoria-cas-no-005-2018-ue-0307-ugel-s-c","status":"publish","type":"post","link":"http:\/\/www.ugelsanchezcarrion.gob.pe\/?p=4062","title":{"rendered":"CONVOCATORIA CAS N\u00ba 005- 2018 UE 0307-UGEL S.C <span class=\"label label-danger\">(Cerrado)<\/span>"},"content":{"rendered":"<p><a href=\"http:\/\/38.242.151.198\/\/wordpress\/wp-content\/uploads\/2018\/06\/PROCESO-DE-CONVOCATORIA-CAS-005-2018.pdf\"><img loading=\"lazy\" class=\"alignnone wp-image-4069 size-full\" src=\"http:\/\/38.242.151.198\/\/wordpress\/wp-content\/uploads\/2018\/06\/cronogramacas052018.jpg\" alt=\"\" width=\"600\" height=\"457\" srcset=\"http:\/\/www.ugelsanchezcarrion.gob.pe\/wordpress\/wp-content\/uploads\/2018\/06\/cronogramacas052018.jpg 600w, http:\/\/www.ugelsanchezcarrion.gob.pe\/wordpress\/wp-content\/uploads\/2018\/06\/cronogramacas052018-300x229.jpg 300w\" sizes=\"(max-width: 600px) 100vw, 600px\" \/><\/a><\/p>\n<hr \/>\n<h3><span style=\"color: #ff0000;\"><strong>Correcci\u00f3n cuadro de merito para postulantes CIST adicionando el 15% por discapacidad a uno de los postulantes seg\u00fan reclamo<\/strong><\/span><\/h3>\n<p><strong><span style=\"color: #800000;\"><em>RESULTADOS FINALES CUADRO DE MERITO CORREGIDO<\/em><\/span> descargar <i class=\"fa fa-file-pdf-o\" aria-hidden=\"true\"><\/i>(<a href=\"http:\/\/38.242.151.198\/\/wordpress\/wp-content\/uploads\/2018\/07\/CUADRO-DE-MERITO-CORREGIDO-CAS00518.pdf\" target=\"_blank\" rel=\"noopener\">aqu\u00ed<\/a>)<\/strong><\/p>\n<p>&nbsp;<\/p>\n<hr \/>\n<h3><span style=\"color: #ff0000;\">Se comunica a los postulantes que la adjudicaci\u00f3n se realizada el d\u00eda 02 de julio a las 17:00 horas en el patio central de UGEL S\u00e1nchez Carri\u00f3n se recomienda su puntualidad.<\/span><\/h3>\n<h3><em><strong><span style=\"color: #ff0000;\">RESULTADOS FINALES<\/span><\/strong><\/em><\/h3>\n<p><i class=\"fa fa-hand-o-right\" aria-hidden=\"true\"><\/i> <strong><span style=\"color: #800000;\">PERSONAL JEC CONVOCATORIA N\u00b0 5-2018 &#8211; RESULTADOS FINALES<\/span> descargar <i class=\"fa fa-file-pdf-o\" aria-hidden=\"true\"><\/i>(<a href=\"http:\/\/38.242.151.198\/\/wordpress\/wp-content\/uploads\/2018\/06\/RESULTADOS-FINALES.pdf\" target=\"_blank\" rel=\"noopener\">aqu\u00ed<\/a>)<\/strong><\/p>\n<p>&nbsp;<\/p>\n<hr \/>\n<h3><span style=\"color: #ff0000;\"><em><strong>RESULTADOS DE EVALUACI\u00d3N T\u00c9CNICA<\/strong><\/em><\/span><\/h3>\n<p><span class=\"label label-default\">28-06-2018<\/span><br \/>\n<i class=\"fa fa-hand-o-right\" aria-hidden=\"true\"><\/i> <strong><span style=\"color: #800000;\"><em>PERSONAL JEC CONVOCATORIA<\/em><\/span> descargar <i class=\"fa fa-file-pdf-o\" aria-hidden=\"true\"><\/i>(<a href=\"http:\/\/38.242.151.198\/\/wordpress\/wp-content\/uploads\/2018\/06\/EVALUACION-TECNICA-JEC.pdf\" target=\"_blank\" rel=\"noopener\">aqu\u00ed<\/a>)\u00a0<\/strong><\/p>\n<p><i class=\"fa fa-hand-o-right\" aria-hidden=\"true\"><\/i> <strong><em><span style=\"color: #800000;\">PERSONAL AP-MULTIPLICADO CONVOCATORIA<\/span><\/em>\u00a0descargar <i class=\"fa fa-file-pdf-o\" aria-hidden=\"true\"><\/i>(<a href=\"http:\/\/38.242.151.198\/\/wordpress\/wp-content\/uploads\/2018\/06\/MULTIGRADO.pdf\" target=\"_blank\" rel=\"noopener\">aqu\u00ed<\/a>)<\/strong><\/p>\n<p><i class=\"fa fa-hand-o-right\" aria-hidden=\"true\"><\/i> <strong><span style=\"color: #800000;\"><em>ORDEN DE ENTREVISTA PERSONAL<\/em><\/span>\u00a0descargar <i class=\"fa fa-file-pdf-o\" aria-hidden=\"true\"><\/i>(<a href=\"http:\/\/38.242.151.198\/\/wordpress\/wp-content\/uploads\/2018\/06\/ORDEN-DE-ENTREVISTAS.pdf\" target=\"_blank\" rel=\"noopener\">aqu\u00ed<\/a>)<\/strong><\/p>\n<hr \/>\n<h3><\/h3>\n<h3><span style=\"color: #ff0000;\"><em><strong>RESULTADOS DE EVALUACI\u00d3N CURRICULAR\u00a0<\/strong><\/em><\/span><span class=\"label label-default\">27-06-2018<\/span><\/h3>\n<p><i class=\"fa fa-hand-o-right\" aria-hidden=\"true\"><\/i><br \/>\n<strong><span style=\"color: #800000;\"><em>APTOS Y NO APTOS<\/em><\/span> descargar <i class=\"fa fa-file-pdf-o\" aria-hidden=\"true\"><\/i>(<a href=\"http:\/\/38.242.151.198\/\/wordpress\/wp-content\/uploads\/2018\/06\/APTOS-Y-NO-APTOS.pdf\" target=\"_blank\" rel=\"noopener\">aqu\u00ed<\/a>)<\/strong><\/p>\n<p><i class=\"fa fa-hand-o-right\" aria-hidden=\"true\"><\/i> <strong><span style=\"color: #800000;\"><em>IMPROCEDENTES<\/em><\/span>\u00a0descargar <i class=\"fa fa-file-pdf-o\" aria-hidden=\"true\"><\/i>(<a href=\"http:\/\/38.242.151.198\/\/wordpress\/wp-content\/uploads\/2018\/06\/IMPROCEDENTES.pdf\" target=\"_blank\" rel=\"noopener\">aqu\u00ed<\/a>)<\/strong><\/p>\n<p><i class=\"fa fa-hand-o-right\" aria-hidden=\"true\"><\/i> <strong><span style=\"color: #800000;\"><em>Absoluci\u00f3n de reclamos<\/em><\/span> descargar <i class=\"fa fa-file-pdf-o\" aria-hidden=\"true\"><\/i>(<a href=\"http:\/\/38.242.151.198\/\/wordpress\/wp-content\/uploads\/2018\/06\/ABSOLUCION-DE-RECLAMOS.pdf\" target=\"_blank\" rel=\"noopener\">aqu\u00ed<\/a>)<\/strong><\/p>\n<p><strong><span style=\"color: #800000;\"><em>Evaluaci\u00f3n t\u00e9cnica para CARE, CIST, PSIC\u00d3LOGO Y SECRETARIO(a)\u00a0d\u00eda 28 de junio de 2018<\/em><\/span> descargar comunicado <i class=\"fa fa-file-pdf-o\" aria-hidden=\"true\"><\/i>(<a href=\"http:\/\/38.242.151.198\/\/wordpress\/wp-content\/uploads\/2018\/06\/evaluacion-cas-005-dia28.pdf\" target=\"_blank\" rel=\"noopener\">aqu\u00ed<\/a>)<\/strong><\/p>\n<p>&nbsp;<\/p>\n<p><i class=\"fa fa-hand-o-right\" aria-hidden=\"true\"><\/i> <span style=\"color: #800000;\"><em><strong>NUEVO CRONOGRAMA <\/strong><\/em><span style=\"color: #000000;\"><strong>descargar <i class=\"fa fa-file-pdf-o\" aria-hidden=\"true\"><\/i>(<a href=\"http:\/\/38.242.151.198\/\/wordpress\/wp-content\/uploads\/2018\/06\/CAS-005-2018-FE-DE-ERRATAS.pdf\" target=\"_blank\" rel=\"noopener\">aqu\u00ed<\/a>)<\/strong><\/span><\/span><\/p>\n<hr \/>\n<h2><span style=\"color: #ff0000;\"><em><strong>COMUNICADO<\/strong><\/em><\/span><\/h2>\n<p><span class=\"label label-default\">26-06-2018<\/span><br \/>\n<span style=\"color: #800000;\"><em><strong>publicaci\u00f3n de los resultados de evaluaci\u00f3n de expedientes se dar\u00e1 el d\u00eda martes 26<\/strong><\/em><\/span> <strong>descargar comunicado (<a href=\"http:\/\/38.242.151.198\/\/wordpress\/wp-content\/uploads\/2018\/06\/resultados-dia-26.pdf\" target=\"_blank\" rel=\"noopener\">aqu\u00ed<\/a>)<\/strong><\/p>\n<hr \/>\n<h2><em><span style=\"color: #ff0000;\">CONVOCATORIA CAS N\u00ba 005- 2018 UE 0307-UGEL S.C<\/span><\/em><\/h2>\n<p><i class=\"fa fa-hand-o-right\" aria-hidden=\"true\"><\/i><strong><span style=\"color: #800000;\"><em>Puestos para contrato CAS N\u00b0 005<\/em><\/span> descargar <i class=\"far fa-file-pdf\"><\/i>(<a href=\"http:\/\/38.242.151.198\/\/wordpress\/wp-content\/uploads\/2018\/06\/PROCESO-DE-CONVOCATORIA-CAS-005-2018.pdf\" target=\"_blank\" rel=\"noopener\">aqu\u00ed<\/a>)<\/strong><\/p>\n<p>&nbsp;<\/p>\n<h2><em><strong><span style=\"color: #ff0000;\">T\u00c9RMINOS DE REFERENCIA PARA CADA PUESTO<\/span><\/strong><\/em><\/h2>\n<p><i class=\"fa fa-hand-o-right\" aria-hidden=\"true\"><\/i> <span style=\"color: #800000;\"><strong><em>Coordinadores de Innovaci\u00f3n y Soporte Tecnol\u00f3gico <\/em><span style=\"color: #000000;\">descargar <i class=\"far fa-file-pdf\"><\/i>(<a href=\"http:\/\/38.242.151.198\/\/wordpress\/wp-content\/uploads\/2018\/06\/soporte-tecnico.pdf\" target=\"_blank\" rel=\"noopener\">aqu\u00ed<\/a>)<\/span><\/strong><\/span><\/p>\n<p><i class=\"fa fa-hand-o-right\" aria-hidden=\"true\"><\/i> <span style=\"color: #800000;\"><strong><em>Psic\u00f3logos <\/em><span style=\"color: #000000;\">descargar <i class=\"far fa-file-pdf\"><\/i>(<a href=\"http:\/\/38.242.151.198\/\/wordpress\/wp-content\/uploads\/2018\/06\/psicologo.pdf\" target=\"_blank\" rel=\"noopener\">aqu\u00ed<\/a>)<\/span><\/strong><\/span><\/p>\n<p><i class=\"fa fa-hand-o-right\" aria-hidden=\"true\"><\/i> <span style=\"color: #800000;\"><strong><em>Coordinadores Administrativos y\/o de Recursos Educativos para zonas rurales. <\/em><span style=\"color: #000000;\">descargar <i class=\"far fa-file-pdf\"><\/i>(<a href=\"http:\/\/38.242.151.198\/\/wordpress\/wp-content\/uploads\/2018\/06\/administrador.pdf\" target=\"_blank\" rel=\"noopener\">aqu\u00ed<\/a>)<\/span><\/strong><\/span><\/p>\n<p><i class=\"fa fa-hand-o-right\" aria-hidden=\"true\"><\/i> <span style=\"color: #800000;\"><strong><em>Asistente en Convivencia Escolar <\/em><span style=\"color: #000000;\">descargar <i class=\"far fa-file-pdf\"><\/i>(<a href=\"http:\/\/38.242.151.198\/\/wordpress\/wp-content\/uploads\/2018\/06\/asistente-convivencia.pdf\" target=\"_blank\" rel=\"noopener\">aqu\u00ed<\/a>)<\/span><\/strong><\/span><\/p>\n<p><i class=\"fa fa-hand-o-right\" aria-hidden=\"true\"><\/i> <span style=\"color: #800000;\"><strong><em>Especialista en Convivencia Escolar <\/em><span style=\"color: #000000;\">descargar <i class=\"far fa-file-pdf\"><\/i>(<a href=\"http:\/\/38.242.151.198\/\/wordpress\/wp-content\/uploads\/2018\/06\/especialista-convivencia1.pdf\" target=\"_blank\" rel=\"noopener\">aqu\u00ed<\/a>)<\/span><\/strong><\/span><\/p>\n<p><i class=\"fa fa-hand-o-right\" aria-hidden=\"true\"><\/i> <span style=\"color: #800000;\"><strong><em>Personal de Mantenimiento <\/em><span style=\"color: #000000;\">descargar <i class=\"far fa-file-pdf\"><\/i>(<a href=\"http:\/\/38.242.151.198\/\/wordpress\/wp-content\/uploads\/2018\/06\/personal-mantenimiento.pdf\" target=\"_blank\" rel=\"noopener\">aqu\u00ed<\/a>)<\/span><\/strong><\/span><\/p>\n<p><i class=\"fa fa-hand-o-right\" aria-hidden=\"true\"><\/i> <span style=\"color: #800000;\"><strong><em>Secretario(a) <\/em><span style=\"color: #000000;\">descargar <i class=\"far fa-file-pdf\"><\/i>(<a href=\"http:\/\/38.242.151.198\/\/wordpress\/wp-content\/uploads\/2018\/06\/secretaria.pdf\" target=\"_blank\" rel=\"noopener\">aqu\u00ed<\/a>)<\/span><\/strong><\/span><\/p>\n<p><i class=\"fa fa-hand-o-right\" aria-hidden=\"true\"><\/i> <span style=\"color: #800000;\"><strong><em>Apoyo Educativo <\/em><span style=\"color: #000000;\">descargar <i class=\"far fa-file-pdf\"><\/i>(<a href=\"http:\/\/38.242.151.198\/\/wordpress\/wp-content\/uploads\/2018\/06\/apoyo-educativo.pdf\" target=\"_blank\" rel=\"noopener\">aqu\u00ed<\/a>)<\/span><\/strong><\/span><\/p>\n<p><i class=\"fa fa-hand-o-right\" aria-hidden=\"true\"><\/i> <span style=\"color: #800000;\"><strong><em>Responsable de Atenci\u00f3n del Centro de Recursos de Aprendizaje CRA. <\/em><span style=\"color: #000000;\">descargar <i class=\"far fa-file-pdf\"><\/i>(<a href=\"http:\/\/38.242.151.198\/\/wordpress\/wp-content\/uploads\/2018\/06\/CRA.pdf\" target=\"_blank\" rel=\"noopener\">aqu\u00ed<\/a>)<\/span><\/strong><\/span><\/p>\n<p><i class=\"fa fa-hand-o-right\" aria-hidden=\"true\"><\/i> <span style=\"color: #800000;\"><strong><em>Acompa\u00f1antes Pedag\u00f3gicos Polidocente <\/em><span style=\"color: #000000;\">descargar <i class=\"far fa-file-pdf\"><\/i>(<a href=\"http:\/\/38.242.151.198\/\/wordpress\/wp-content\/uploads\/2018\/06\/Acompa\u00f1ante.pdf\" target=\"_blank\" rel=\"noopener\">aqu\u00ed<\/a>)<\/span><\/strong><\/span><\/p>\n<p><i class=\"fa fa-hand-o-right\" aria-hidden=\"true\"><\/i> <span style=\"color: #800000;\"><strong><em>Acompa\u00f1antes Pedag\u00f3gicos Multigrado <\/em><span style=\"color: #000000;\">descargar <i class=\"far fa-file-pdf\"><\/i>(<a href=\"http:\/\/38.242.151.198\/\/wordpress\/wp-content\/uploads\/2018\/06\/multigrado-monolingue.pdf\" target=\"_blank\" rel=\"noopener\">aqu\u00ed<\/a>)<\/span><\/strong><\/span><\/p>\n<p>&nbsp;<\/p>\n<h2><span style=\"color: #ff0000;\"><em><strong>CRONOGRAMA\u00a0<\/strong><\/em><\/span><\/h2>\n<p><i class=\"fa fa-hand-o-right\" aria-hidden=\"true\"><\/i> <strong><span style=\"color: #800000;\"><em>Cronograma convocatoria cas N \u00b0 005-2018<\/em><\/span> descargar <i class=\"far fa-file-pdf\"><\/i>(<a href=\"http:\/\/38.242.151.198\/\/wordpress\/wp-content\/uploads\/2018\/06\/cronograma-cas05-2018.pdf\" target=\"_blank\" rel=\"noopener\">aqu\u00ed<\/a>)<\/strong><\/p>\n<p>&nbsp;<\/p>\n<h2><span style=\"color: #ff0000;\"><em><strong>ETAPA DE EVALUACI\u00d3N &#8211; ANEXOS<\/strong><\/em><\/span><\/h2>\n<p><i class=\"fa fa-hand-o-right\" aria-hidden=\"true\"><\/i><strong><span style=\"color: #800000;\"><em>Anexos a considerar en curriculum vitae<\/em><\/span> descargar <i class=\"far fa-file-pdf\"><\/i> (<a href=\"http:\/\/38.242.151.198\/\/wordpress\/wp-content\/uploads\/2018\/06\/anexos-cas05-2018.pdf\" target=\"_blank\" rel=\"noopener\">aqu\u00ed<\/a>)<\/strong><\/p>\n<p>&nbsp;<\/p>\n<p>&nbsp;<\/p>\n<p>&nbsp;<\/p>\n","protected":false},"excerpt":{"rendered":"<p>Correcci\u00f3n cuadro de merito para postulantes CIST adicionando el 15% por discapacidad a uno de los postulantes seg\u00fan reclamo RESULTADOS FINALES CUADRO DE MERITO CORREGIDO descargar (aqu\u00ed) &nbsp; Se comunica a los postulantes que la adjudicaci\u00f3n se realizada el d\u00eda 02 de julio a las 17:00 horas en el patio central de UGEL S\u00e1nchez Carri\u00f3n&#8230;<\/p>\n","protected":false},"author":1,"featured_media":0,"comment_status":"closed","ping_status":"open","sticky":false,"template":"","format":"aside","meta":[],"categories":[21],"tags":[],"_links":{"self":[{"href":"http:\/\/www.ugelsanchezcarrion.gob.pe\/index.php?rest_route=\/wp\/v2\/posts\/4062"}],"collection":[{"href":"http:\/\/www.ugelsanchezcarrion.gob.pe\/index.php?rest_route=\/wp\/v2\/posts"}],"about":[{"href":"http:\/\/www.ugelsanchezcarrion.gob.pe\/index.php?rest_route=\/wp\/v2\/types\/post"}],"author":[{"embeddable":true,"href":"http:\/\/www.ugelsanchezcarrion.gob.pe\/index.php?rest_route=\/wp\/v2\/users\/1"}],"replies":[{"embeddable":true,"href":"http:\/\/www.ugelsanchezcarrion.gob.pe\/index.php?rest_route=%2Fwp%2Fv2%2Fcomments&post=4062"}],"version-history":[{"count":20,"href":"http:\/\/www.ugelsanchezcarrion.gob.pe\/index.php?rest_route=\/wp\/v2\/posts\/4062\/revisions"}],"predecessor-version":[{"id":4258,"href":"http:\/\/www.ugelsanchezcarrion.gob.pe\/index.php?rest_route=\/wp\/v2\/posts\/4062\/revisions\/4258"}],"wp:attachment":[{"href":"http:\/\/www.ugelsanchezcarrion.gob.pe\/index.php?rest_route=%2Fwp%2Fv2%2Fmedia&parent=4062"}],"wp:term":[{"taxonomy":"category","embeddable":true,"href":"http:\/\/www.ugelsanchezcarrion.gob.pe\/index.php?rest_route=%2Fwp%2Fv2%2Fcategories&post=4062"},{"taxonomy":"post_tag","embeddable":true,"href":"http:\/\/www.ugelsanchezcarrion.gob.pe\/index.php?rest_route=%2Fwp%2Fv2%2Ftags&post=4062"}],"curies":[{"name":"wp","href":"https:\/\/api.w.org\/{rel}","templated":true}]}}