{"id":4413,"date":"2018-08-07T17:07:42","date_gmt":"2018-08-07T22:07:42","guid":{"rendered":"http:\/\/38.242.151.198\/\/?p=4413"},"modified":"2018-08-21T16:06:17","modified_gmt":"2018-08-21T21:06:17","slug":"convocatoria-cas-no-007-2018-ue-0307-ugel-s-c-vigente","status":"publish","type":"post","link":"http:\/\/www.ugelsanchezcarrion.gob.pe\/?p=4413","title":{"rendered":"CONVOCATORIA CAS N\u00ba 007- 2018 UE 0307-UGEL S.C  <span class=\"label label-danger\">(Cerrado)<\/span>"},"content":{"rendered":"<p><img loading=\"lazy\" class=\"alignnone wp-image-4419 size-full\" src=\"http:\/\/38.242.151.198\/\/wordpress\/wp-content\/uploads\/2018\/08\/CONVOCATORIA-007-2018-UGEL.jpg\" alt=\"\" width=\"600\" height=\"398\" srcset=\"http:\/\/www.ugelsanchezcarrion.gob.pe\/wordpress\/wp-content\/uploads\/2018\/08\/CONVOCATORIA-007-2018-UGEL.jpg 600w, http:\/\/www.ugelsanchezcarrion.gob.pe\/wordpress\/wp-content\/uploads\/2018\/08\/CONVOCATORIA-007-2018-UGEL-300x199.jpg 300w\" sizes=\"(max-width: 600px) 100vw, 600px\" \/><\/p>\n<hr \/>\n<h3><span style=\"color: #ff0000;\"><strong><em>CONVOCATORIA CAS N\u00ba 007- 2018 UE 0307-UGEL S.C<\/em><\/strong><\/span><\/h3>\n<p><i class=\"fa fa-hand-o-right\" aria-hidden=\"true\"><\/i> <span style=\"color: #800000;\"><strong><em>Puestos para contrato CAS N\u00b0 007<\/em><\/strong><\/span><strong> descargar <i class=\"fa fa-file-pdf-o\" aria-hidden=\"true\"><\/i>(<a href=\"http:\/\/38.242.151.198\/\/wordpress\/wp-content\/uploads\/2018\/08\/Puestos-para-contrato-CAS007.pdf\" target=\"_blank\" rel=\"noopener\"><u>aqu\u00ed<\/u><\/a>)<\/strong><\/p>\n<p>&nbsp;<\/p>\n<h3><span style=\"color: #ff0000;\"><strong><em>T\u00c9RMINOS DE REFERENCIA PARA CADA PUESTO<\/em><\/strong><\/span><\/h3>\n<p><i class=\"fa fa-hand-o-right\" aria-hidden=\"true\"><\/i> <span style=\"color: #800000;\"><strong><em>Coordinador Administrativo y\/o de Recursos Educativos para zonas rurales. <\/em><\/strong><\/span><strong>descargar <i class=\"fa fa-file-pdf-o\" aria-hidden=\"true\"><\/i>(<\/strong><a href=\"http:\/\/38.242.151.198\/\/wordpress\/wp-content\/uploads\/2018\/08\/administrador-cas007.pdf\" target=\"_blank\" rel=\"noopener\"><strong><u>aqu\u00ed<\/u><\/strong><\/a><strong>)<\/strong><\/p>\n<p><i class=\"fa fa-hand-o-right\" aria-hidden=\"true\"><\/i> <span style=\"color: #800000;\"><strong><em>Secretario(a) <\/em><\/strong><\/span><strong>descargar <i class=\"fa fa-file-pdf-o\" aria-hidden=\"true\"><\/i>(<\/strong><a href=\"http:\/\/38.242.151.198\/\/wordpress\/wp-content\/uploads\/2018\/08\/secretaria-cas-007.pdf\" target=\"_blank\" rel=\"noopener\"><strong><u>aqu\u00ed<\/u><\/strong><\/a><strong>)<\/strong><\/p>\n<p><i class=\"fa fa-hand-o-right\" aria-hidden=\"true\"><\/i> <span style=\"color: #800000;\"><strong><em>Apoyo Educativo <\/em><\/strong><\/span><strong>descargar <i class=\"fa fa-file-pdf-o\" aria-hidden=\"true\"><\/i>(<\/strong><a href=\"http:\/\/38.242.151.198\/\/wordpress\/wp-content\/uploads\/2018\/08\/apoyo-educativo-cas007.pdf\" target=\"_blank\" rel=\"noopener\"><strong><u>aqu\u00ed<\/u><\/strong><\/a><strong>)<\/strong><\/p>\n<p><i class=\"fa fa-hand-o-right\" aria-hidden=\"true\"><\/i> <strong><em><span style=\"color: #800000;\">Acompa\u00f1antes Pedag\u00f3gicos Polidocente<\/span> <\/em><\/strong><strong>descargar <i class=\"fa fa-file-pdf-o\" aria-hidden=\"true\"><\/i>(<\/strong><a href=\"http:\/\/38.242.151.198\/\/wordpress\/wp-content\/uploads\/2018\/08\/Acompa\u00f1ante-cas007.pdf\" target=\"_blank\" rel=\"noopener\"><strong><u>aqu\u00ed<\/u><\/strong><\/a><strong>)<\/strong><\/p>\n<p><i class=\"fa fa-hand-o-right\" aria-hidden=\"true\"><\/i> <span style=\"color: #800000;\"><strong><em>Acompa\u00f1antes Pedag\u00f3gicos Multigrado <\/em><\/strong><\/span><strong>descargar <i class=\"fa fa-file-pdf-o\" aria-hidden=\"true\"><\/i>(<\/strong><a href=\"http:\/\/38.242.151.198\/\/wordpress\/wp-content\/uploads\/2018\/08\/multigrado-monolingue-cas007.pdf\" target=\"_blank\" rel=\"noopener\"><strong><u>aqu\u00ed<\/u><\/strong><\/a><strong>)<\/strong><\/p>\n<p>&nbsp;<\/p>\n<h3><span style=\"color: #ff0000;\"><strong><em>CRONOGRAMA\u00a0<\/em><\/strong><\/span><\/h3>\n<p><i class=\"fa fa-hand-o-right\" aria-hidden=\"true\"><\/i> <span style=\"color: #800000;\"><strong><em>Cronograma convocatoria cas N \u00b0 007-2018<\/em><\/strong><\/span><strong> descargar <i class=\"fa fa-file-pdf-o\" aria-hidden=\"true\"><\/i>(<a href=\"http:\/\/38.242.151.198\/\/wordpress\/wp-content\/uploads\/2018\/08\/cronotrama-cas007.pdf\" target=\"_blank\" rel=\"noopener\"><u>aqu\u00ed<\/u><\/a>)<\/strong><\/p>\n<p><i class=\"fa fa-hand-o-right\" aria-hidden=\"true\"><\/i> <strong><span style=\"color: #800000;\"><em>Nuevo cronograma convocatoria cas N\u00b0 007<\/em><\/span> descargar <i class=\"fa fa-file-pdf-o\" aria-hidden=\"true\"><\/i>(<a href=\"http:\/\/38.242.151.198\/\/wordpress\/wp-content\/uploads\/2018\/08\/CAS-007-2018-NUEVO-CRONOGRAMA.pdf\" target=\"_blank\" rel=\"noopener\">aqu\u00ed<\/a>)<\/strong><\/p>\n<p>&nbsp;<\/p>\n<h3><span style=\"color: #ff0000;\"><strong><em>ETAPA DE EVALUACI\u00d3N \u2013 ANEXOS<\/em><\/strong><\/span><\/h3>\n<p><i class=\"fa fa-hand-o-right\" aria-hidden=\"true\"><\/i> <strong><span style=\"color: #800000;\"><em>Anexos a considerar en curriculum vitae<\/em><\/span> descargar <i class=\"fa fa-file-pdf-o\" aria-hidden=\"true\"><\/i>(<a href=\"http:\/\/38.242.151.198\/\/wordpress\/wp-content\/uploads\/2018\/08\/ANEXOS-cas007.pdf\" target=\"_blank\" rel=\"noopener\"><u>aqu\u00ed<\/u><\/a>)<\/strong><\/p>\n<hr \/>\n<h3><span style=\"color: #ff0000;\"><em><strong>Resultados Hoja de Vida<\/strong><\/em><\/span><\/h3>\n<p><i class=\"fa fa-hand-o-right\" aria-hidden=\"true\"><\/i> <span style=\"color: #800000;\"><em><strong>resultados hoja de vida CAS 007<\/strong><\/em><\/span>\u00a0<strong>descargar <i class=\"fa fa-file-pdf-o\" aria-hidden=\"true\"><\/i> <a href=\"http:\/\/38.242.151.198\/\/wordpress\/wp-content\/uploads\/2018\/08\/hoja-de-vida-007.pdf\" target=\"_blank\" rel=\"noopener\">(aqu\u00ed<\/a>)<\/strong><\/p>\n<p><strong><span style=\"color: #0000ff;\">A todos los postulantes aptos de la convocatoria cas N\u00b0 007 con excepci\u00f3n de apoyo educativo, el d\u00eda 08 de agosto a las 9:00 horas en la I.E. La Inmaculada entre Av. Garcilazo de la Vega y Jr. Estete, se realizar\u00e1 la Evaluaci\u00f3n Psicol\u00f3gica y T\u00e9cnica seg\u00fan cronograma; por lo que se recomienda su puntualidad cada postulante deber\u00e1 portar su DNI.<\/span><\/strong><\/p>\n<p><strong><span style=\"color: #0000ff;\">Atentamente,<\/span><\/strong><\/p>\n<p><strong><span style=\"color: #0000ff;\">La Comisi\u00f3n<\/span><\/strong><\/p>\n<hr \/>\n<h3><em><span style=\"color: #ff0000;\"><strong>RESULTADOS EVALUACI\u00d3N PSICOL\u00d3GICA Y T\u00c9CNICA APTOS PARA ENTREVISTA PERSONAL<\/strong><\/span><\/em><\/h3>\n<p><i class=\"fa fa-hand-o-right\" aria-hidden=\"true\"><\/i> <strong><span style=\"color: #800000;\"><em>Resultados descargar<\/em><\/span> <i class=\"fa fa-file-pdf-o\" aria-hidden=\"true\"><\/i>(<a href=\"http:\/\/38.242.151.198\/\/wordpress\/wp-content\/uploads\/2018\/08\/CUADRO-CAS-007-2018eper.pdf\" target=\"_blank\" rel=\"noopener\">aqu\u00ed<\/a>)<\/strong><\/p>\n<p><strong><span style=\"color: #0000ff;\">NOTA: LA ENTREVISTA PERSONAL SE REALIZAR\u00c1 EL D\u00cdA 08.08.2018 A PARTIR DE LAS 5:30 PM EN LA OFICINA DE DIRECCI\u00d3N DE LA UGEL S\u00c1NCHEZ CARRI\u00d3N.<\/span><\/strong><\/p>\n<hr \/>\n<h3><span style=\"color: #ff0000;\"><em><strong>RESULTADOS FINALES<\/strong><\/em><\/span><\/h3>\n<p><strong>descargar (<a href=\"http:\/\/38.242.151.198\/\/wordpress\/wp-content\/uploads\/2018\/08\/FINALES-CAS-007-8.pdf\" target=\"_blank\" rel=\"noopener\">aqu\u00ed<\/a>)<\/strong><\/p>\n<p><span style=\"color: #0000ff;\"><em><strong>NOTA:\u00a0 EL PROCESO DE ADJUDICACI\u00d3N SE REALIZARA EL D\u00cdA 10 DE AGOSTO\u00a0 A LAS 8:45 AM EN EL PATIO CENTRAL DE UGEL<\/strong><\/em><\/span><\/p>\n<p>&nbsp;<\/p>\n<p>&nbsp;<\/p>\n<p>&nbsp;<\/p>\n<p>&nbsp;<\/p>\n","protected":false},"excerpt":{"rendered":"<p>CONVOCATORIA CAS N\u00ba 007- 2018 UE 0307-UGEL S.C Puestos para contrato CAS N\u00b0 007 descargar (aqu\u00ed) &nbsp; T\u00c9RMINOS DE REFERENCIA PARA CADA PUESTO Coordinador Administrativo y\/o de Recursos Educativos para zonas rurales. descargar (aqu\u00ed) Secretario(a) descargar (aqu\u00ed) Apoyo Educativo descargar (aqu\u00ed) Acompa\u00f1antes Pedag\u00f3gicos Polidocente descargar (aqu\u00ed) Acompa\u00f1antes Pedag\u00f3gicos Multigrado descargar (aqu\u00ed) &nbsp; CRONOGRAMA\u00a0 Cronograma convocatoria&#8230;<\/p>\n","protected":false},"author":1,"featured_media":0,"comment_status":"closed","ping_status":"open","sticky":false,"template":"","format":"aside","meta":[],"categories":[21],"tags":[],"_links":{"self":[{"href":"http:\/\/www.ugelsanchezcarrion.gob.pe\/index.php?rest_route=\/wp\/v2\/posts\/4413"}],"collection":[{"href":"http:\/\/www.ugelsanchezcarrion.gob.pe\/index.php?rest_route=\/wp\/v2\/posts"}],"about":[{"href":"http:\/\/www.ugelsanchezcarrion.gob.pe\/index.php?rest_route=\/wp\/v2\/types\/post"}],"author":[{"embeddable":true,"href":"http:\/\/www.ugelsanchezcarrion.gob.pe\/index.php?rest_route=\/wp\/v2\/users\/1"}],"replies":[{"embeddable":true,"href":"http:\/\/www.ugelsanchezcarrion.gob.pe\/index.php?rest_route=%2Fwp%2Fv2%2Fcomments&post=4413"}],"version-history":[{"count":10,"href":"http:\/\/www.ugelsanchezcarrion.gob.pe\/index.php?rest_route=\/wp\/v2\/posts\/4413\/revisions"}],"predecessor-version":[{"id":4531,"href":"http:\/\/www.ugelsanchezcarrion.gob.pe\/index.php?rest_route=\/wp\/v2\/posts\/4413\/revisions\/4531"}],"wp:attachment":[{"href":"http:\/\/www.ugelsanchezcarrion.gob.pe\/index.php?rest_route=%2Fwp%2Fv2%2Fmedia&parent=4413"}],"wp:term":[{"taxonomy":"category","embeddable":true,"href":"http:\/\/www.ugelsanchezcarrion.gob.pe\/index.php?rest_route=%2Fwp%2Fv2%2Fcategories&post=4413"},{"taxonomy":"post_tag","embeddable":true,"href":"http:\/\/www.ugelsanchezcarrion.gob.pe\/index.php?rest_route=%2Fwp%2Fv2%2Ftags&post=4413"}],"curies":[{"name":"wp","href":"https:\/\/api.w.org\/{rel}","templated":true}]}}