{"id":4489,"date":"2018-08-16T10:24:24","date_gmt":"2018-08-16T15:24:24","guid":{"rendered":"http:\/\/38.242.151.198\/\/?p=4489"},"modified":"2018-08-16T16:21:47","modified_gmt":"2018-08-16T21:21:47","slug":"instituciones-educativas-jec-actividades-las-cuales-deberan-asistir-responsabilidad","status":"publish","type":"post","link":"http:\/\/www.ugelsanchezcarrion.gob.pe\/?p=4489","title":{"rendered":"Instituciones Educativas JEC actividades a las cuales deber\u00e1n asistir bajo responsabilidad"},"content":{"rendered":"<p><span style=\"color: #ff0000;\"><em><strong>Clic sobre la imagen para descargar comunicado completo<\/strong><\/em><\/span><\/p>\n<p><a href=\"http:\/\/38.242.151.198\/\/wordpress\/wp-content\/uploads\/2018\/08\/IE-JEC-actividades-bajo-responsabilidad.pdf\"><img loading=\"lazy\" class=\"alignnone wp-image-4491 size-full\" src=\"http:\/\/38.242.151.198\/\/wordpress\/wp-content\/uploads\/2018\/08\/IE-JEC-actividades-bajo-responsabilidad.jpg\" alt=\"\" width=\"600\" height=\"421\" srcset=\"http:\/\/www.ugelsanchezcarrion.gob.pe\/wordpress\/wp-content\/uploads\/2018\/08\/IE-JEC-actividades-bajo-responsabilidad.jpg 600w, http:\/\/www.ugelsanchezcarrion.gob.pe\/wordpress\/wp-content\/uploads\/2018\/08\/IE-JEC-actividades-bajo-responsabilidad-300x211.jpg 300w, http:\/\/www.ugelsanchezcarrion.gob.pe\/wordpress\/wp-content\/uploads\/2018\/08\/IE-JEC-actividades-bajo-responsabilidad-320x224.jpg 320w\" sizes=\"(max-width: 600px) 100vw, 600px\" \/><\/a><\/p>\n<p><em><strong><span style=\"color: #0000ff;\">Para los Psic\u00f3logos la reuni\u00f3n sera en el \u00c1rea de Gesti\u00f3n Pedag\u00f3gica<\/span><\/strong><\/em><\/p>\n<p><em><strong><span style=\"color: #0000ff;\">Para el resto de personal la reuni\u00f3n se realizara en el auditorio de UGEL S\u00e1nchez Carri\u00f3n<\/span><\/strong><\/em><\/p>\n<p>&nbsp;<\/p>\n<p>&nbsp;<\/p>\n<p>&nbsp;<\/p>\n<p>&nbsp;<\/p>\n","protected":false},"excerpt":{"rendered":"<p>Clic sobre la imagen para descargar comunicado completo Para los Psic\u00f3logos la reuni\u00f3n sera en el \u00c1rea de Gesti\u00f3n Pedag\u00f3gica Para el resto de personal la reuni\u00f3n se realizara en el auditorio de UGEL S\u00e1nchez Carri\u00f3n &nbsp; &nbsp; &nbsp; &nbsp;<\/p>\n","protected":false},"author":1,"featured_media":0,"comment_status":"closed","ping_status":"open","sticky":false,"template":"","format":"aside","meta":[],"categories":[10],"tags":[],"_links":{"self":[{"href":"http:\/\/www.ugelsanchezcarrion.gob.pe\/index.php?rest_route=\/wp\/v2\/posts\/4489"}],"collection":[{"href":"http:\/\/www.ugelsanchezcarrion.gob.pe\/index.php?rest_route=\/wp\/v2\/posts"}],"about":[{"href":"http:\/\/www.ugelsanchezcarrion.gob.pe\/index.php?rest_route=\/wp\/v2\/types\/post"}],"author":[{"embeddable":true,"href":"http:\/\/www.ugelsanchezcarrion.gob.pe\/index.php?rest_route=\/wp\/v2\/users\/1"}],"replies":[{"embeddable":true,"href":"http:\/\/www.ugelsanchezcarrion.gob.pe\/index.php?rest_route=%2Fwp%2Fv2%2Fcomments&post=4489"}],"version-history":[{"count":2,"href":"http:\/\/www.ugelsanchezcarrion.gob.pe\/index.php?rest_route=\/wp\/v2\/posts\/4489\/revisions"}],"predecessor-version":[{"id":4504,"href":"http:\/\/www.ugelsanchezcarrion.gob.pe\/index.php?rest_route=\/wp\/v2\/posts\/4489\/revisions\/4504"}],"wp:attachment":[{"href":"http:\/\/www.ugelsanchezcarrion.gob.pe\/index.php?rest_route=%2Fwp%2Fv2%2Fmedia&parent=4489"}],"wp:term":[{"taxonomy":"category","embeddable":true,"href":"http:\/\/www.ugelsanchezcarrion.gob.pe\/index.php?rest_route=%2Fwp%2Fv2%2Fcategories&post=4489"},{"taxonomy":"post_tag","embeddable":true,"href":"http:\/\/www.ugelsanchezcarrion.gob.pe\/index.php?rest_route=%2Fwp%2Fv2%2Ftags&post=4489"}],"curies":[{"name":"wp","href":"https:\/\/api.w.org\/{rel}","templated":true}]}}