{"id":4862,"date":"2018-09-24T15:16:46","date_gmt":"2018-09-24T20:16:46","guid":{"rendered":"http:\/\/38.242.151.198\/\/?p=4862"},"modified":"2018-09-24T15:16:46","modified_gmt":"2018-09-24T20:16:46","slug":"taller-directores-responsables-convivencia-escolar-agp","status":"publish","type":"post","link":"http:\/\/www.ugelsanchezcarrion.gob.pe\/?p=4862","title":{"rendered":"Taller para Directores y Responsables de convivencia Escolar &#8211; AGP"},"content":{"rendered":"<p><img loading=\"lazy\" class=\"alignnone wp-image-4864 size-full\" src=\"http:\/\/38.242.151.198\/\/wordpress\/wp-content\/uploads\/2018\/09\/taller25y26-sep.jpg\" alt=\"\" width=\"600\" height=\"338\" srcset=\"http:\/\/www.ugelsanchezcarrion.gob.pe\/wordpress\/wp-content\/uploads\/2018\/09\/taller25y26-sep.jpg 600w, http:\/\/www.ugelsanchezcarrion.gob.pe\/wordpress\/wp-content\/uploads\/2018\/09\/taller25y26-sep-300x169.jpg 300w\" sizes=\"(max-width: 600px) 100vw, 600px\" \/><\/p>\n<hr \/>\n<h3><span style=\"color: #ff0000;\"><em><strong>Fecha de taller para II.EE.<\/strong><\/em><\/span><\/h3>\n<p><i class=\"fa fa-hand-o-right\" aria-hidden=\"true\"><\/i> <strong><em><span style=\"color: #800000;\">D\u00eda martes 25 de setiembre<\/span><\/em> descargar <i class=\"fa fa-file-pdf-o\" aria-hidden=\"true\"><\/i>(<a href=\"http:\/\/38.242.151.198\/\/wordpress\/wp-content\/uploads\/2018\/09\/taller25-09-18.pdf\" target=\"_blank\" rel=\"noopener\">aqu\u00ed<\/a>)<\/strong><\/p>\n<p><i class=\"fa fa-hand-o-right\" aria-hidden=\"true\"><\/i> <strong><em><span style=\"color: #800000;\">D\u00eda mi\u00e9rcoles 26 de setiembre<\/span><\/em> descargar <i class=\"fa fa-file-pdf-o\" aria-hidden=\"true\"><\/i>(<a href=\"http:\/\/38.242.151.198\/\/wordpress\/wp-content\/uploads\/2018\/09\/taller26-09-18.pdf\" target=\"_blank\" rel=\"noopener\">aqu\u00ed<\/a>)<\/strong><\/p>\n<p>&nbsp;<\/p>\n<p>&nbsp;<\/p>\n<p>&nbsp;<\/p>\n<p>&nbsp;<\/p>\n<p>&nbsp;<\/p>\n<p>&nbsp;<\/p>\n<p>&nbsp;<\/p>\n","protected":false},"excerpt":{"rendered":"<p>Fecha de taller para II.EE. D\u00eda martes 25 de setiembre descargar (aqu\u00ed) D\u00eda mi\u00e9rcoles 26 de setiembre descargar (aqu\u00ed) &nbsp; &nbsp; &nbsp; &nbsp; &nbsp; &nbsp; &nbsp;<\/p>\n","protected":false},"author":1,"featured_media":0,"comment_status":"closed","ping_status":"open","sticky":false,"template":"","format":"aside","meta":[],"categories":[10],"tags":[],"_links":{"self":[{"href":"http:\/\/www.ugelsanchezcarrion.gob.pe\/index.php?rest_route=\/wp\/v2\/posts\/4862"}],"collection":[{"href":"http:\/\/www.ugelsanchezcarrion.gob.pe\/index.php?rest_route=\/wp\/v2\/posts"}],"about":[{"href":"http:\/\/www.ugelsanchezcarrion.gob.pe\/index.php?rest_route=\/wp\/v2\/types\/post"}],"author":[{"embeddable":true,"href":"http:\/\/www.ugelsanchezcarrion.gob.pe\/index.php?rest_route=\/wp\/v2\/users\/1"}],"replies":[{"embeddable":true,"href":"http:\/\/www.ugelsanchezcarrion.gob.pe\/index.php?rest_route=%2Fwp%2Fv2%2Fcomments&post=4862"}],"version-history":[{"count":1,"href":"http:\/\/www.ugelsanchezcarrion.gob.pe\/index.php?rest_route=\/wp\/v2\/posts\/4862\/revisions"}],"predecessor-version":[{"id":4868,"href":"http:\/\/www.ugelsanchezcarrion.gob.pe\/index.php?rest_route=\/wp\/v2\/posts\/4862\/revisions\/4868"}],"wp:attachment":[{"href":"http:\/\/www.ugelsanchezcarrion.gob.pe\/index.php?rest_route=%2Fwp%2Fv2%2Fmedia&parent=4862"}],"wp:term":[{"taxonomy":"category","embeddable":true,"href":"http:\/\/www.ugelsanchezcarrion.gob.pe\/index.php?rest_route=%2Fwp%2Fv2%2Fcategories&post=4862"},{"taxonomy":"post_tag","embeddable":true,"href":"http:\/\/www.ugelsanchezcarrion.gob.pe\/index.php?rest_route=%2Fwp%2Fv2%2Ftags&post=4862"}],"curies":[{"name":"wp","href":"https:\/\/api.w.org\/{rel}","templated":true}]}}