{"id":5096,"date":"2018-10-17T20:02:36","date_gmt":"2018-10-18T01:02:36","guid":{"rendered":"http:\/\/38.242.151.198\/\/?p=5096"},"modified":"2018-10-17T20:02:36","modified_gmt":"2018-10-18T01:02:36","slug":"directores-subdirectores-participan-evaluacion-desempeno-cargos-directivos-oficios-adjuntos","status":"publish","type":"post","link":"http:\/\/www.ugelsanchezcarrion.gob.pe\/?p=5096","title":{"rendered":"Directores y Subdirectores que participan en Evaluaci\u00f3n de desempe\u00f1o en cargos directivos oficios adjuntos"},"content":{"rendered":"<p><span style=\"color: #ff0000;\"><em><strong>Clic sobre la imagen para descargar comunicado<\/strong><\/em><\/span><\/p>\n<p><a href=\"http:\/\/38.242.151.198\/\/wordpress\/wp-content\/uploads\/2018\/10\/participan-en-Evaluaci\u00f3n-de-desempe\u00f1o-en-cargos-directivos.pdf\"><img loading=\"lazy\" class=\"alignnone wp-image-5113 size-full\" src=\"http:\/\/38.242.151.198\/\/wordpress\/wp-content\/uploads\/2018\/10\/participan-en-Evaluaci\u00f3n-de-desempe\u00f1o-en-cargos-directivos.jpg\" alt=\"\" width=\"600\" height=\"341\" srcset=\"http:\/\/www.ugelsanchezcarrion.gob.pe\/wordpress\/wp-content\/uploads\/2018\/10\/participan-en-Evaluaci\u00f3n-de-desempe\u00f1o-en-cargos-directivos.jpg 600w, http:\/\/www.ugelsanchezcarrion.gob.pe\/wordpress\/wp-content\/uploads\/2018\/10\/participan-en-Evaluaci\u00f3n-de-desempe\u00f1o-en-cargos-directivos-300x171.jpg 300w\" sizes=\"(max-width: 600px) 100vw, 600px\" \/><\/a><\/p>\n<hr \/>\n<p><strong>I.E. 1858 Cruz Blanca <a href=\"http:\/\/38.242.151.198\/\/wordpress\/wp-content\/uploads\/2018\/10\/I.E.-1858-cruz-blanca.pdf\" target=\"_blank\" rel=\"noopener\">Yaqueli Elias Asto<\/a><\/strong><\/p>\n<p><strong>I.E. 80131-El Toro <a href=\"http:\/\/38.242.151.198\/\/wordpress\/wp-content\/uploads\/2018\/10\/I.E.-80131-el-toro.pdf\" target=\"_blank\" rel=\"noopener\">Gladis Caballero Calder\u00f3n<\/a><\/strong><\/p>\n<p><strong>I.E. 80157-La Conga <a href=\"http:\/\/38.242.151.198\/\/wordpress\/wp-content\/uploads\/2018\/10\/I.E.-80157-la-conga.pdf\" target=\"_blank\" rel=\"noopener\">Severino Flores Agreda<\/a><\/strong><\/p>\n<p><strong>I.E. 80195-Naranjopampa <a href=\"http:\/\/38.242.151.198\/\/wordpress\/wp-content\/uploads\/2018\/10\/I.E.-80195-naranjopampa.pdf\" target=\"_blank\" rel=\"noopener\">Bilma Vidal Polo<\/a><\/strong><\/p>\n<p><strong>I.E. 80196-Purumarca <a href=\"http:\/\/38.242.151.198\/\/wordpress\/wp-content\/uploads\/2018\/10\/I.E.-80196-purumarca.pdf\" target=\"_blank\" rel=\"noopener\">Jos\u00e9 Romero Cruz<\/a><\/strong><\/p>\n<p><strong>I.E. 80199-Chaquilbamba <a href=\"http:\/\/38.242.151.198\/\/wordpress\/wp-content\/uploads\/2018\/10\/I.E.-80199-chaquilbamba.pdf\" target=\"_blank\" rel=\"noopener\">Luis Villanueva Asto<\/a><\/strong><\/p>\n<p><strong>I.E. 80849-Tayanga <a href=\"http:\/\/38.242.151.198\/\/wordpress\/wp-content\/uploads\/2018\/10\/I.E.-80849-tayanga.pdf\" target=\"_blank\" rel=\"noopener\">Adriana Araujo Paredes<\/a><\/strong><\/p>\n<p><strong>I.E. 80925-El Capul\u00ed <a href=\"http:\/\/38.242.151.198\/\/wordpress\/wp-content\/uploads\/2018\/10\/I.E.-80925-el-capul\u00ed.pdf\" target=\"_blank\" rel=\"noopener\">Abimael Segura Romero<\/a><\/strong><\/p>\n<p><strong>I.E. 80950-Locabamba <a href=\"http:\/\/38.242.151.198\/\/wordpress\/wp-content\/uploads\/2018\/10\/I.E.-80950-locabamba.pdf\" target=\"_blank\" rel=\"noopener\">Edward Armas Gil<\/a><\/strong><\/p>\n<p><strong>I.E. 80955-Shayapuaico <a href=\"http:\/\/38.242.151.198\/\/wordpress\/wp-content\/uploads\/2018\/10\/I.E.-80955-shayapuaico.pdf\" target=\"_blank\" rel=\"noopener\">Teodoro Carranza Paredes<\/a><\/strong><\/p>\n<p><strong>I.E. 81932-Cushuro pampatac <a href=\"http:\/\/38.242.151.198\/\/wordpress\/wp-content\/uploads\/2018\/10\/I.E.-81932-cushuro-pampatac.pdf\" target=\"_blank\" rel=\"noopener\">Dicxon Mendoza Romero<\/a><\/strong><\/p>\n<p><strong>I.E. 82001-Vaqueria <a href=\"http:\/\/38.242.151.198\/\/wordpress\/wp-content\/uploads\/2018\/10\/I.E.-82001-vaqueria.pdf\" target=\"_blank\" rel=\"noopener\">Riccer Morales Alva<\/a><\/strong><\/p>\n<p><strong>I.E. 82115-Huamachuco <a href=\"http:\/\/38.242.151.198\/\/wordpress\/wp-content\/uploads\/2018\/10\/I.E.-82115-huamachuco.pdf\" target=\"_blank\" rel=\"noopener\">Gladys Quiroz Torrealva<\/a><\/strong><\/p>\n<p><strong>I.E. Cuna Jard\u00edn Hco <a href=\"http:\/\/38.242.151.198\/\/wordpress\/wp-content\/uploads\/2018\/10\/I.E.-cuna-jardin-Hco.pdf\" target=\"_blank\" rel=\"noopener\">Liliana Villanueva Alayo<\/a><\/strong><\/p>\n<p>&nbsp;<\/p>\n<p>&nbsp;<\/p>\n<p>&nbsp;<\/p>\n<p>&nbsp;<\/p>\n<p>&nbsp;<\/p>\n<p>&nbsp;<\/p>\n<p>&nbsp;<\/p>\n<p>&nbsp;<\/p>\n","protected":false},"excerpt":{"rendered":"<p>Clic sobre la imagen para descargar comunicado I.E. 1858 Cruz Blanca Yaqueli Elias Asto I.E. 80131-El Toro Gladis Caballero Calder\u00f3n I.E. 80157-La Conga Severino Flores Agreda I.E. 80195-Naranjopampa Bilma Vidal Polo I.E. 80196-Purumarca Jos\u00e9 Romero Cruz I.E. 80199-Chaquilbamba Luis Villanueva Asto I.E. 80849-Tayanga Adriana Araujo Paredes I.E. 80925-El Capul\u00ed Abimael Segura Romero I.E. 80950-Locabamba Edward&#8230;<\/p>\n","protected":false},"author":1,"featured_media":0,"comment_status":"closed","ping_status":"open","sticky":false,"template":"","format":"aside","meta":[],"categories":[10],"tags":[],"_links":{"self":[{"href":"http:\/\/www.ugelsanchezcarrion.gob.pe\/index.php?rest_route=\/wp\/v2\/posts\/5096"}],"collection":[{"href":"http:\/\/www.ugelsanchezcarrion.gob.pe\/index.php?rest_route=\/wp\/v2\/posts"}],"about":[{"href":"http:\/\/www.ugelsanchezcarrion.gob.pe\/index.php?rest_route=\/wp\/v2\/types\/post"}],"author":[{"embeddable":true,"href":"http:\/\/www.ugelsanchezcarrion.gob.pe\/index.php?rest_route=\/wp\/v2\/users\/1"}],"replies":[{"embeddable":true,"href":"http:\/\/www.ugelsanchezcarrion.gob.pe\/index.php?rest_route=%2Fwp%2Fv2%2Fcomments&post=5096"}],"version-history":[{"count":1,"href":"http:\/\/www.ugelsanchezcarrion.gob.pe\/index.php?rest_route=\/wp\/v2\/posts\/5096\/revisions"}],"predecessor-version":[{"id":5114,"href":"http:\/\/www.ugelsanchezcarrion.gob.pe\/index.php?rest_route=\/wp\/v2\/posts\/5096\/revisions\/5114"}],"wp:attachment":[{"href":"http:\/\/www.ugelsanchezcarrion.gob.pe\/index.php?rest_route=%2Fwp%2Fv2%2Fmedia&parent=5096"}],"wp:term":[{"taxonomy":"category","embeddable":true,"href":"http:\/\/www.ugelsanchezcarrion.gob.pe\/index.php?rest_route=%2Fwp%2Fv2%2Fcategories&post=5096"},{"taxonomy":"post_tag","embeddable":true,"href":"http:\/\/www.ugelsanchezcarrion.gob.pe\/index.php?rest_route=%2Fwp%2Fv2%2Ftags&post=5096"}],"curies":[{"name":"wp","href":"https:\/\/api.w.org\/{rel}","templated":true}]}}