{"id":5123,"date":"2018-10-18T18:53:10","date_gmt":"2018-10-18T23:53:10","guid":{"rendered":"http:\/\/38.242.151.198\/\/?p=5123"},"modified":"2018-10-18T18:53:10","modified_gmt":"2018-10-18T23:53:10","slug":"semana-la-educacion-ambiental-dia-la-educacion-al-aire-libre-2018","status":"publish","type":"post","link":"http:\/\/www.ugelsanchezcarrion.gob.pe\/?p=5123","title":{"rendered":"SEMANA DE LA EDUCACI\u00d3N AMBIENTAL Y EL D\u00cdA DE LA EDUCACI\u00d3N AL AIRE LIBRE &#8211; 2018"},"content":{"rendered":"<p><span style=\"color: #ff0000;\"><em><strong>Clic sobre la imagen para descargar\u00a0OFICIO M\u00daLTIPLE N\u00b0 117-2018-GRLL-UGEL-SC-AGP\/DIR<\/strong><\/em><\/span><\/p>\n<p><a href=\"http:\/\/38.242.151.198\/\/wordpress\/wp-content\/uploads\/2018\/10\/oficio-m.-N\u00ba1172018.pdf\"><img loading=\"lazy\" class=\"alignnone wp-image-5124 size-full\" src=\"http:\/\/38.242.151.198\/\/wordpress\/wp-content\/uploads\/2018\/10\/oficio-m.-N\u00ba1172018.jpg\" alt=\"\" width=\"600\" height=\"341\" srcset=\"http:\/\/www.ugelsanchezcarrion.gob.pe\/wordpress\/wp-content\/uploads\/2018\/10\/oficio-m.-N\u00ba1172018.jpg 600w, http:\/\/www.ugelsanchezcarrion.gob.pe\/wordpress\/wp-content\/uploads\/2018\/10\/oficio-m.-N\u00ba1172018-300x171.jpg 300w\" sizes=\"(max-width: 600px) 100vw, 600px\" \/><\/a><\/p>\n<hr \/>\n<p><i class=\"fa fa-hand-o-right\" aria-hidden=\"true\"><\/i> <strong><span style=\"color: #800000;\"><em>ORIENTACIONES PARA LA ORGANIZACI\u00d3N Y CELEBRACI\u00d3N<\/em> <\/span>descargar <i class=\"fa fa-file-pdf-o\" aria-hidden=\"true\"><\/i> (<a href=\"http:\/\/38.242.151.198\/\/wordpress\/wp-content\/uploads\/2018\/10\/SEMANA-DE-LA-EDUCACI\u00d3N-AMBIENTAL-Y-EL-D\u00cdA-DE-LA-EDUCACI\u00d3N-AL-AIRE-LIBRE.pdf\" target=\"_blank\" rel=\"noopener\">aqu\u00ed<\/a>)<\/strong><\/p>\n<p>&nbsp;<\/p>\n<p>&nbsp;<\/p>\n<p>&nbsp;<\/p>\n<p>&nbsp;<\/p>\n<p>&nbsp;<\/p>\n<p>&nbsp;<\/p>\n<p>&nbsp;<\/p>\n","protected":false},"excerpt":{"rendered":"<p>Clic sobre la imagen para descargar\u00a0OFICIO M\u00daLTIPLE N\u00b0 117-2018-GRLL-UGEL-SC-AGP\/DIR ORIENTACIONES PARA LA ORGANIZACI\u00d3N Y CELEBRACI\u00d3N descargar (aqu\u00ed) &nbsp; &nbsp; &nbsp; &nbsp; &nbsp; &nbsp; &nbsp;<\/p>\n","protected":false},"author":1,"featured_media":0,"comment_status":"closed","ping_status":"open","sticky":false,"template":"","format":"aside","meta":[],"categories":[10],"tags":[],"_links":{"self":[{"href":"http:\/\/www.ugelsanchezcarrion.gob.pe\/index.php?rest_route=\/wp\/v2\/posts\/5123"}],"collection":[{"href":"http:\/\/www.ugelsanchezcarrion.gob.pe\/index.php?rest_route=\/wp\/v2\/posts"}],"about":[{"href":"http:\/\/www.ugelsanchezcarrion.gob.pe\/index.php?rest_route=\/wp\/v2\/types\/post"}],"author":[{"embeddable":true,"href":"http:\/\/www.ugelsanchezcarrion.gob.pe\/index.php?rest_route=\/wp\/v2\/users\/1"}],"replies":[{"embeddable":true,"href":"http:\/\/www.ugelsanchezcarrion.gob.pe\/index.php?rest_route=%2Fwp%2Fv2%2Fcomments&post=5123"}],"version-history":[{"count":1,"href":"http:\/\/www.ugelsanchezcarrion.gob.pe\/index.php?rest_route=\/wp\/v2\/posts\/5123\/revisions"}],"predecessor-version":[{"id":5129,"href":"http:\/\/www.ugelsanchezcarrion.gob.pe\/index.php?rest_route=\/wp\/v2\/posts\/5123\/revisions\/5129"}],"wp:attachment":[{"href":"http:\/\/www.ugelsanchezcarrion.gob.pe\/index.php?rest_route=%2Fwp%2Fv2%2Fmedia&parent=5123"}],"wp:term":[{"taxonomy":"category","embeddable":true,"href":"http:\/\/www.ugelsanchezcarrion.gob.pe\/index.php?rest_route=%2Fwp%2Fv2%2Fcategories&post=5123"},{"taxonomy":"post_tag","embeddable":true,"href":"http:\/\/www.ugelsanchezcarrion.gob.pe\/index.php?rest_route=%2Fwp%2Fv2%2Ftags&post=5123"}],"curies":[{"name":"wp","href":"https:\/\/api.w.org\/{rel}","templated":true}]}}