{"id":5175,"date":"2018-10-24T17:56:59","date_gmt":"2018-10-24T22:56:59","guid":{"rendered":"http:\/\/38.242.151.198\/\/?p=5175"},"modified":"2018-11-19T10:51:07","modified_gmt":"2018-11-19T15:51:07","slug":"convocatoria-cas-no-012-2018-ue-0307-ugel-s-c","status":"publish","type":"post","link":"http:\/\/www.ugelsanchezcarrion.gob.pe\/?p=5175","title":{"rendered":"CONVOCATORIA CAS N\u00ba 012- 2018 UE 0307-UGEL S.C. <span class=\"label label-warning\">Finales<\/span>"},"content":{"rendered":"<p><img loading=\"lazy\" class=\"alignnone wp-image-5179 size-full\" src=\"http:\/\/38.242.151.198\/\/wordpress\/wp-content\/uploads\/2018\/10\/CAS-12-18.jpg\" alt=\"\" width=\"600\" height=\"341\" srcset=\"http:\/\/www.ugelsanchezcarrion.gob.pe\/wordpress\/wp-content\/uploads\/2018\/10\/CAS-12-18.jpg 600w, http:\/\/www.ugelsanchezcarrion.gob.pe\/wordpress\/wp-content\/uploads\/2018\/10\/CAS-12-18-300x171.jpg 300w\" sizes=\"(max-width: 600px) 100vw, 600px\" \/><\/p>\n<hr \/>\n<h3><span style=\"color: #ff0000;\"><strong><em>CONVOCATORIA CAS N\u00ba 012- 2018 UE 0307-UGEL S.C<\/em><\/strong><\/span><\/h3>\n<p><i class=\"fa fa-hand-o-right\" aria-hidden=\"true\"><\/i> <strong><em>Puestos para contrato CAS N\u00b0 012<\/em><\/strong><strong>\u00a0descargar <i class=\"fa fa-file-pdf-o\" aria-hidden=\"true\"><\/i>(<a href=\"http:\/\/38.242.151.198\/\/wordpress\/wp-content\/uploads\/2018\/10\/PUESTOS-PARA-CONTRATO-CAS-12-18.pdf\" target=\"_blank\" rel=\"noopener\"><u>aqu\u00ed<\/u><\/a>)<\/strong><\/p>\n<p>&nbsp;<\/p>\n<h4><span style=\"color: #ff0000;\"><strong><em>T\u00c9RMINOS DE REFERENCIA PARA CADA PUESTO<\/em><\/strong><\/span><\/h4>\n<p><strong><span style=\"color: #800000;\"><em>Gestor Curricular<\/em><\/span> descargar (<a href=\"http:\/\/38.242.151.198\/\/wordpress\/wp-content\/uploads\/2018\/10\/Gestor-Curricular-cas12.pdf\" target=\"_blank\" rel=\"noopener\">aqu\u00ed<\/a>)<\/strong><\/p>\n<p><span style=\"color: #800000;\"><strong><em>Psic\u00f3logo<\/em><\/strong><\/span> <strong><em>\u00a0<\/em><\/strong><strong>descargar <i class=\"fa fa-file-pdf-o\" aria-hidden=\"true\"><\/i>(<a href=\"http:\/\/38.242.151.198\/\/wordpress\/wp-content\/uploads\/2018\/10\/psicologo-cas12.pdf\" target=\"_blank\" rel=\"noopener\"><u>aq<\/u><u>u<\/u><u>\u00ed<\/u><\/a>)<\/strong><\/p>\n<p><i class=\"fa fa-hand-o-right\" aria-hidden=\"true\"><\/i><span style=\"color: #800000;\"><strong><em>Apoyo Educativo<\/em><\/strong><\/span> <strong><em>\u00a0<\/em><\/strong><strong>descargar <i class=\"fa fa-file-pdf-o\" aria-hidden=\"true\"><\/i>(<a href=\"http:\/\/38.242.151.198\/\/wordpress\/wp-content\/uploads\/2018\/10\/Apoyo-E.-cas12.pdf\" target=\"_blank\" rel=\"noopener\"><u>aqu\u00ed<\/u><\/a>)<\/strong><\/p>\n<p><i class=\"fa fa-hand-o-right\" aria-hidden=\"true\"><\/i><span style=\"color: #800000;\"><strong><em>Personal de Vigilancia <\/em><\/strong><\/span><strong>descargar <i class=\"fa fa-file-pdf-o\" aria-hidden=\"true\"><\/i>(<a href=\"http:\/\/38.242.151.198\/\/wordpress\/wp-content\/uploads\/2018\/10\/P.-vigilancia-cas12.pdf\" target=\"_blank\" rel=\"noopener\"><u>aqu\u00ed<\/u><\/a>)<\/strong><\/p>\n<p><strong><span style=\"color: #800000;\"><em>Coordinador (a) de Innovaci\u00f3n y Soporte Tecnol\u00f3gico<\/em><\/span>\u00a0descargar (<a href=\"http:\/\/38.242.151.198\/\/wordpress\/wp-content\/uploads\/2018\/10\/soporte-tecnico-cas-12-18.pdf\" target=\"_blank\" rel=\"noopener\">aqu\u00ed<\/a>)<\/strong><\/p>\n<h4><span style=\"color: #ff0000;\"><strong><em>CRONOGRAMA<\/em><\/strong><strong><em>\u00a0<\/em><\/strong><\/span><\/h4>\n<p><i class=\"fa fa-hand-o-right\" aria-hidden=\"true\"><\/i> <span style=\"color: #800000;\"><strong><em>Cronograma convocatoria<\/em><\/strong><\/span><strong>\u00a0descargar <i class=\"fa fa-file-pdf-o\" aria-hidden=\"true\"><\/i>(<a href=\"http:\/\/38.242.151.198\/\/wordpress\/wp-content\/uploads\/2018\/10\/cronograma-cas-12-18.pdf\" target=\"_blank\" rel=\"noopener\"><u>aqu\u00ed<\/u><\/a>)<\/strong><\/p>\n<p><span style=\"color: #800000;\"><b><i>Variaci\u00f3n<\/i><\/b><strong><em>\u00a0de Cronograma fe de ERRATAS<\/em><\/strong><\/span><strong>\u00a0descargar\u00a0<i class=\"fa fa-file-pdf-o\" aria-hidden=\"true\"><\/i>(<a href=\"http:\/\/38.242.151.198\/\/wordpress\/wp-content\/uploads\/2018\/10\/FE-DE-ERRATAS-crono-cas-12.pdf\" target=\"_blank\" rel=\"noopener\"><u>aqu\u00ed<\/u><\/a>)\u00a0<\/strong> <span class=\"label label-danger\">12-11-2018<\/span><\/p>\n<h4><span style=\"color: #ff0000;\"><strong><em>ETAPA DE EVALUACI\u00d3N \u2013 ANEXOS<\/em><\/strong><\/span><\/h4>\n<p><i class=\"fa fa-hand-o-right\" aria-hidden=\"true\"><\/i> <strong><span style=\"color: #800000;\"><em>Anexos a considerar en curriculum vitae<\/em><\/span> descargar <i class=\"fa fa-file-pdf-o\" aria-hidden=\"true\"><\/i>(<a href=\"http:\/\/38.242.151.198\/\/wordpress\/wp-content\/uploads\/2018\/10\/anexos-cas12-18.pdf\" target=\"_blank\" rel=\"noopener\"><u>aqu\u00ed<\/u><\/a>)<\/strong><\/p>\n<hr \/>\n<h3><em><strong><span style=\"color: #ff0000;\">RESULTADOS PRELIMINARES<\/span><\/strong><\/em><\/h3>\n<p><strong><span style=\"color: #800000;\"><em>Resultado de Evaluaci\u00f3n Curricular<\/em><\/span> descargar (<a href=\"http:\/\/38.242.151.198\/\/wordpress\/wp-content\/uploads\/2018\/10\/CONV.-12.pdf\" target=\"_blank\" rel=\"noopener\">aqu\u00ed<\/a>)<\/strong><\/p>\n<p>&nbsp;<\/p>\n<hr \/>\n<h3><span style=\"color: #ff0000;\"><em><strong>RESULTADOS FINALES<\/strong><\/em><\/span><\/h3>\n<p><strong><span style=\"color: #800000;\"><em>Resultados Finales<\/em><\/span>\u00a0descargar (<a href=\"http:\/\/38.242.151.198\/\/wordpress\/wp-content\/uploads\/2018\/10\/RESULTADOS-FINALES-CONV.-12.pdf\" target=\"_blank\" rel=\"noopener\">aqu\u00ed<\/a>)<\/strong><\/p>\n<h3>NOTA: Las adjudicaciones\u00a0se realizar\u00e1n el d\u00eda de hoy Lunes 19 de Noviembre a las 5 pm en el \u00e1rea de Administraci\u00f3n<\/h3>\n<p>&nbsp;<\/p>\n<p>&nbsp;<\/p>\n<p>&nbsp;<\/p>\n<p>&nbsp;<\/p>\n","protected":false},"excerpt":{"rendered":"<p>CONVOCATORIA CAS N\u00ba 012- 2018 UE 0307-UGEL S.C Puestos para contrato CAS N\u00b0 012\u00a0descargar (aqu\u00ed) &nbsp; T\u00c9RMINOS DE REFERENCIA PARA CADA PUESTO Gestor Curricular descargar (aqu\u00ed) Psic\u00f3logo \u00a0descargar (aqu\u00ed) Apoyo Educativo \u00a0descargar (aqu\u00ed) Personal de Vigilancia descargar (aqu\u00ed) Coordinador (a) de Innovaci\u00f3n y Soporte Tecnol\u00f3gico\u00a0descargar (aqu\u00ed) CRONOGRAMA\u00a0 Cronograma convocatoria\u00a0descargar (aqu\u00ed) Variaci\u00f3n\u00a0de Cronograma fe de ERRATAS\u00a0descargar\u00a0(aqu\u00ed)\u00a0&#8230;<\/p>\n","protected":false},"author":1,"featured_media":0,"comment_status":"closed","ping_status":"open","sticky":false,"template":"","format":"aside","meta":[],"categories":[21],"tags":[],"_links":{"self":[{"href":"http:\/\/www.ugelsanchezcarrion.gob.pe\/index.php?rest_route=\/wp\/v2\/posts\/5175"}],"collection":[{"href":"http:\/\/www.ugelsanchezcarrion.gob.pe\/index.php?rest_route=\/wp\/v2\/posts"}],"about":[{"href":"http:\/\/www.ugelsanchezcarrion.gob.pe\/index.php?rest_route=\/wp\/v2\/types\/post"}],"author":[{"embeddable":true,"href":"http:\/\/www.ugelsanchezcarrion.gob.pe\/index.php?rest_route=\/wp\/v2\/users\/1"}],"replies":[{"embeddable":true,"href":"http:\/\/www.ugelsanchezcarrion.gob.pe\/index.php?rest_route=%2Fwp%2Fv2%2Fcomments&post=5175"}],"version-history":[{"count":7,"href":"http:\/\/www.ugelsanchezcarrion.gob.pe\/index.php?rest_route=\/wp\/v2\/posts\/5175\/revisions"}],"predecessor-version":[{"id":5401,"href":"http:\/\/www.ugelsanchezcarrion.gob.pe\/index.php?rest_route=\/wp\/v2\/posts\/5175\/revisions\/5401"}],"wp:attachment":[{"href":"http:\/\/www.ugelsanchezcarrion.gob.pe\/index.php?rest_route=%2Fwp%2Fv2%2Fmedia&parent=5175"}],"wp:term":[{"taxonomy":"category","embeddable":true,"href":"http:\/\/www.ugelsanchezcarrion.gob.pe\/index.php?rest_route=%2Fwp%2Fv2%2Fcategories&post=5175"},{"taxonomy":"post_tag","embeddable":true,"href":"http:\/\/www.ugelsanchezcarrion.gob.pe\/index.php?rest_route=%2Fwp%2Fv2%2Ftags&post=5175"}],"curies":[{"name":"wp","href":"https:\/\/api.w.org\/{rel}","templated":true}]}}