{"id":5306,"date":"2018-11-12T18:26:38","date_gmt":"2018-11-12T23:26:38","guid":{"rendered":"http:\/\/38.242.151.198\/\/?p=5306"},"modified":"2018-11-12T18:26:38","modified_gmt":"2018-11-12T23:26:38","slug":"docentes-del-area-educacion-fisica-nivel-primario-asistir-capacitacion-convocada-la-grell-dias-19-20-del-presente-agp","status":"publish","type":"post","link":"http:\/\/www.ugelsanchezcarrion.gob.pe\/?p=5306","title":{"rendered":"Docentes del \u00e1rea de Educaci\u00f3n F\u00edsica nivel primario asistir a capacitaci\u00f3n convocada por la GRELL d\u00edas 19 y 20 del presente &#8211; AGP"},"content":{"rendered":"<p><span style=\"color: #ff0000;\"><em><strong>Clic sobre la imagen para descargar comunicado<\/strong><\/em><\/span><\/p>\n<p><a href=\"http:\/\/38.242.151.198\/\/wordpress\/wp-content\/uploads\/2018\/11\/Docentes-EF-nivel-primario-asistir-a-capacitaci\u00f3n-por-la-GRELL-d\u00edas-19-y-20.pdf\"><img loading=\"lazy\" class=\"alignnone wp-image-5309 size-full\" src=\"http:\/\/38.242.151.198\/\/wordpress\/wp-content\/uploads\/2018\/11\/Docentes-EF-nivel-primario-asistir-a-capacitaci\u00f3n-por-la-GRELL-d\u00edas-19-y-20.jpg\" alt=\"\" width=\"600\" height=\"341\" srcset=\"http:\/\/www.ugelsanchezcarrion.gob.pe\/wordpress\/wp-content\/uploads\/2018\/11\/Docentes-EF-nivel-primario-asistir-a-capacitaci\u00f3n-por-la-GRELL-d\u00edas-19-y-20.jpg 600w, http:\/\/www.ugelsanchezcarrion.gob.pe\/wordpress\/wp-content\/uploads\/2018\/11\/Docentes-EF-nivel-primario-asistir-a-capacitaci\u00f3n-por-la-GRELL-d\u00edas-19-y-20-300x171.jpg 300w\" sizes=\"(max-width: 600px) 100vw, 600px\" \/><\/a><\/p>\n<hr \/>\n<p><strong><span style=\"color: #800000;\"><em>Oficio N\u00b0 287-2018-GRLL-GGR\/GRSE-SGGP<\/em><\/span> descargar (<a href=\"http:\/\/38.242.151.198\/\/wordpress\/wp-content\/uploads\/2018\/11\/Oficio-N\u00b0-287-2018-GRLL-GGRGRSE-SGGP.pdf\" target=\"_blank\" rel=\"noopener\">aqu\u00ed<\/a>)<\/strong><\/p>\n<p>&nbsp;<\/p>\n<p>&nbsp;<\/p>\n<p>&nbsp;<\/p>\n<p>&nbsp;<\/p>\n<p>&nbsp;<\/p>\n<p>&nbsp;<\/p>\n","protected":false},"excerpt":{"rendered":"<p>Clic sobre la imagen para descargar comunicado Oficio N\u00b0 287-2018-GRLL-GGR\/GRSE-SGGP descargar (aqu\u00ed) &nbsp; &nbsp; &nbsp; &nbsp; &nbsp; &nbsp;<\/p>\n","protected":false},"author":1,"featured_media":0,"comment_status":"closed","ping_status":"open","sticky":false,"template":"","format":"aside","meta":[],"categories":[10],"tags":[],"_links":{"self":[{"href":"http:\/\/www.ugelsanchezcarrion.gob.pe\/index.php?rest_route=\/wp\/v2\/posts\/5306"}],"collection":[{"href":"http:\/\/www.ugelsanchezcarrion.gob.pe\/index.php?rest_route=\/wp\/v2\/posts"}],"about":[{"href":"http:\/\/www.ugelsanchezcarrion.gob.pe\/index.php?rest_route=\/wp\/v2\/types\/post"}],"author":[{"embeddable":true,"href":"http:\/\/www.ugelsanchezcarrion.gob.pe\/index.php?rest_route=\/wp\/v2\/users\/1"}],"replies":[{"embeddable":true,"href":"http:\/\/www.ugelsanchezcarrion.gob.pe\/index.php?rest_route=%2Fwp%2Fv2%2Fcomments&post=5306"}],"version-history":[{"count":1,"href":"http:\/\/www.ugelsanchezcarrion.gob.pe\/index.php?rest_route=\/wp\/v2\/posts\/5306\/revisions"}],"predecessor-version":[{"id":5314,"href":"http:\/\/www.ugelsanchezcarrion.gob.pe\/index.php?rest_route=\/wp\/v2\/posts\/5306\/revisions\/5314"}],"wp:attachment":[{"href":"http:\/\/www.ugelsanchezcarrion.gob.pe\/index.php?rest_route=%2Fwp%2Fv2%2Fmedia&parent=5306"}],"wp:term":[{"taxonomy":"category","embeddable":true,"href":"http:\/\/www.ugelsanchezcarrion.gob.pe\/index.php?rest_route=%2Fwp%2Fv2%2Fcategories&post=5306"},{"taxonomy":"post_tag","embeddable":true,"href":"http:\/\/www.ugelsanchezcarrion.gob.pe\/index.php?rest_route=%2Fwp%2Fv2%2Ftags&post=5306"}],"curies":[{"name":"wp","href":"https:\/\/api.w.org\/{rel}","templated":true}]}}