{"id":5680,"date":"2018-12-13T08:39:14","date_gmt":"2018-12-13T13:39:14","guid":{"rendered":"http:\/\/38.242.151.198\/\/?p=5680"},"modified":"2018-12-13T08:39:14","modified_gmt":"2018-12-13T13:39:14","slug":"cuadro-meritos-encargatura-cargo-direccion-ii-ee-ano-2019","status":"publish","type":"post","link":"http:\/\/www.ugelsanchezcarrion.gob.pe\/?p=5680","title":{"rendered":"Cuadro de m\u00e9ritos para encargatura de cargo de direcci\u00f3n en II.EE. a\u00f1o 2019"},"content":{"rendered":"<p><img loading=\"lazy\" class=\"alignnone wp-image-5677 size-full\" src=\"http:\/\/38.242.151.198\/\/wordpress\/wp-content\/uploads\/2018\/12\/cargo-de-direccion-en-IIEE-2019-I.jpg\" alt=\"\" width=\"600\" height=\"425\" srcset=\"http:\/\/www.ugelsanchezcarrion.gob.pe\/wordpress\/wp-content\/uploads\/2018\/12\/cargo-de-direccion-en-IIEE-2019-I.jpg 600w, http:\/\/www.ugelsanchezcarrion.gob.pe\/wordpress\/wp-content\/uploads\/2018\/12\/cargo-de-direccion-en-IIEE-2019-I-300x213.jpg 300w\" sizes=\"(max-width: 600px) 100vw, 600px\" \/><\/p>\n<hr \/>\n<h3><em><span style=\"color: #ff0000;\"><strong>PROCEDENTES<\/strong><\/span><\/em><\/h3>\n<p><i class=\"fa fa-hand-o-right\" aria-hidden=\"true\"><\/i> <span style=\"color: #000000;\"><strong><span style=\"color: #800000;\"><em>Cargo de Direcci\u00f3n en IIEE 2019 Primer Tramo<\/em><\/span> descargar <i class=\"fa fa-file-pdf-o\" aria-hidden=\"true\"><\/i>(<a href=\"http:\/\/38.242.151.198\/\/wordpress\/wp-content\/uploads\/2018\/12\/cargo-de-direccion-en-IIEE-2019-I.pdf\" target=\"_blank\" rel=\"noopener\">aqu\u00ed<\/a>)<\/strong><\/span><\/p>\n<p><i class=\"fa fa-hand-o-right\" aria-hidden=\"true\"><\/i> <span style=\"color: #000000;\"><strong><em><span style=\"color: #800000;\">Cargo de Direcci\u00f3n en CETPRO 2019 Primer Tramo<\/span><\/em> descargar <i class=\"fa fa-file-pdf-o\" aria-hidden=\"true\"><\/i>(<a href=\"http:\/\/38.242.151.198\/\/wordpress\/wp-content\/uploads\/2018\/12\/cargo-de-direccion-en-CETPRO-2019-I.pdf\" target=\"_blank\" rel=\"noopener\">aqu\u00ed<\/a>)<\/strong><\/span><\/p>\n<p><i class=\"fa fa-hand-o-right\" aria-hidden=\"true\"><\/i> <span style=\"color: #000000;\"><strong><span style=\"color: #800000;\"><em>Cargo de Especialista de Educaci\u00f3n 2019 Primer Tramo<\/em><\/span> descargar <i class=\"fa fa-file-pdf-o\" aria-hidden=\"true\"><\/i>(<a href=\"http:\/\/38.242.151.198\/\/wordpress\/wp-content\/uploads\/2018\/12\/cargo-de-especialista-de-educacion-2019-I.pdf\" target=\"_blank\" rel=\"noopener\">aqu\u00ed<\/a>)<\/strong><\/span><\/p>\n<p><i class=\"fa fa-hand-o-right\" aria-hidden=\"true\"><\/i> <span style=\"color: #000000;\"><strong><span style=\"color: #800000;\"><em>Cargo de Direcci\u00f3n en IIEE 2019 Segundo Tramo<\/em><\/span> descargar <i class=\"fa fa-file-pdf-o\" aria-hidden=\"true\"><\/i>(<a href=\"http:\/\/38.242.151.198\/\/wordpress\/wp-content\/uploads\/2018\/12\/cargo-de-direccion-en-IIEE-2019-II.pdf\" target=\"_blank\" rel=\"noopener\">aqu\u00ed<\/a>)<\/strong><\/span><\/p>\n<hr \/>\n<h3><em><strong><span style=\"color: #ff0000;\">IMPROCEDENTES<\/span><\/strong><\/em><\/h3>\n<p><i class=\"fa fa-hand-o-right\" aria-hidden=\"true\"><\/i> <span style=\"color: #000000;\"><strong><em><span style=\"color: #800000;\">Improcedentes<\/span><\/em> descargar <i class=\"fa fa-file-pdf-o\" aria-hidden=\"true\"><\/i>(<a href=\"http:\/\/38.242.151.198\/\/wordpress\/wp-content\/uploads\/2018\/12\/improcedentes-agi.pdf\" target=\"_blank\" rel=\"noopener\">aqu\u00ed<\/a>)<\/strong><\/span><\/p>\n<p>&nbsp;<\/p>\n<p>&nbsp;<\/p>\n<p>&nbsp;<\/p>\n<p>&nbsp;<\/p>\n<p>&nbsp;<\/p>\n<p>&nbsp;<\/p>\n","protected":false},"excerpt":{"rendered":"<p>PROCEDENTES Cargo de Direcci\u00f3n en IIEE 2019 Primer Tramo descargar (aqu\u00ed) Cargo de Direcci\u00f3n en CETPRO 2019 Primer Tramo descargar (aqu\u00ed) Cargo de Especialista de Educaci\u00f3n 2019 Primer Tramo descargar (aqu\u00ed) Cargo de Direcci\u00f3n en IIEE 2019 Segundo Tramo descargar (aqu\u00ed) IMPROCEDENTES Improcedentes descargar (aqu\u00ed) &nbsp; &nbsp; &nbsp; &nbsp; &nbsp; &nbsp;<\/p>\n","protected":false},"author":1,"featured_media":0,"comment_status":"closed","ping_status":"open","sticky":false,"template":"","format":"aside","meta":[],"categories":[10],"tags":[],"_links":{"self":[{"href":"http:\/\/www.ugelsanchezcarrion.gob.pe\/index.php?rest_route=\/wp\/v2\/posts\/5680"}],"collection":[{"href":"http:\/\/www.ugelsanchezcarrion.gob.pe\/index.php?rest_route=\/wp\/v2\/posts"}],"about":[{"href":"http:\/\/www.ugelsanchezcarrion.gob.pe\/index.php?rest_route=\/wp\/v2\/types\/post"}],"author":[{"embeddable":true,"href":"http:\/\/www.ugelsanchezcarrion.gob.pe\/index.php?rest_route=\/wp\/v2\/users\/1"}],"replies":[{"embeddable":true,"href":"http:\/\/www.ugelsanchezcarrion.gob.pe\/index.php?rest_route=%2Fwp%2Fv2%2Fcomments&post=5680"}],"version-history":[{"count":1,"href":"http:\/\/www.ugelsanchezcarrion.gob.pe\/index.php?rest_route=\/wp\/v2\/posts\/5680\/revisions"}],"predecessor-version":[{"id":5681,"href":"http:\/\/www.ugelsanchezcarrion.gob.pe\/index.php?rest_route=\/wp\/v2\/posts\/5680\/revisions\/5681"}],"wp:attachment":[{"href":"http:\/\/www.ugelsanchezcarrion.gob.pe\/index.php?rest_route=%2Fwp%2Fv2%2Fmedia&parent=5680"}],"wp:term":[{"taxonomy":"category","embeddable":true,"href":"http:\/\/www.ugelsanchezcarrion.gob.pe\/index.php?rest_route=%2Fwp%2Fv2%2Fcategories&post=5680"},{"taxonomy":"post_tag","embeddable":true,"href":"http:\/\/www.ugelsanchezcarrion.gob.pe\/index.php?rest_route=%2Fwp%2Fv2%2Ftags&post=5680"}],"curies":[{"name":"wp","href":"https:\/\/api.w.org\/{rel}","templated":true}]}}