{"id":7462,"date":"2019-07-12T17:04:53","date_gmt":"2019-07-12T22:04:53","guid":{"rendered":"http:\/\/www.ugelsanchezcarrion.gob.pe\/?p=7462"},"modified":"2019-08-13T09:54:48","modified_gmt":"2019-08-13T14:54:48","slug":"convocatoria-cas-no-007-2019-ue-0307-ugel-s-c","status":"publish","type":"post","link":"http:\/\/www.ugelsanchezcarrion.gob.pe\/?p=7462","title":{"rendered":"CONVOCATORIA CAS N\u00ba 007 \u2013 2019 UE 0307-UGEL \u2013 S.C. <span class=\"label label-danger\">Cerrado<\/span>"},"content":{"rendered":"<p><img loading=\"lazy\" class=\"alignnone wp-image-7463 size-full\" src=\"http:\/\/www.ugelsanchezcarrion.gob.pe\/wordpress\/wp-content\/uploads\/2019\/07\/cas-007-2019.jpg\" alt=\"\" width=\"600\" height=\"340\" srcset=\"http:\/\/www.ugelsanchezcarrion.gob.pe\/wordpress\/wp-content\/uploads\/2019\/07\/cas-007-2019.jpg 600w, http:\/\/www.ugelsanchezcarrion.gob.pe\/wordpress\/wp-content\/uploads\/2019\/07\/cas-007-2019-300x170.jpg 300w\" sizes=\"(max-width: 600px) 100vw, 600px\" \/><\/p>\n<hr \/>\n<p><i class=\"fa fa-hand-o-right\" aria-hidden=\"true\"><\/i> <span style=\"color: #800000;\"><em><strong>Puesto para contrato CAS N\u00b0 007<\/strong><\/em><\/span><strong>\u00a0descargar <i class=\"fa fa-file-pdf-o\" aria-hidden=\"true\"><\/i>(<a href=\"http:\/\/www.ugelsanchezcarrion.gob.pe\/wordpress\/wp-content\/uploads\/2019\/07\/puestos-cas07-19.pdf\" target=\"_blank\" rel=\"noopener\">aqu\u00ed<\/a>)<\/strong><\/p>\n<p><i class=\"fa fa-hand-o-right\" aria-hidden=\"true\"><\/i> <i class=\"fa fa-hand-o-right\" aria-hidden=\"true\"><\/i> <span style=\"color: #800000;\"><em><strong>T\u00e9rminos de referencia<\/strong><\/em><\/span><strong> descargar <i class=\"fa fa-file-pdf-o\" aria-hidden=\"true\"><\/i>(<a href=\"http:\/\/www.ugelsanchezcarrion.gob.pe\/wordpress\/wp-content\/uploads\/2019\/07\/tdr-07-19.pdf\" target=\"_blank\" rel=\"noopener\">aqu\u00ed<\/a>)<\/strong><\/p>\n<p><i class=\"fa fa-hand-o-right\" aria-hidden=\"true\"><\/i> <i class=\"fa fa-hand-o-right\" aria-hidden=\"true\"><\/i> <em><strong><span style=\"color: #800000;\">Cronograma y criterio etapa de evaluaci\u00f3n<\/span>\u00a0<\/strong><\/em><strong>descargar <i class=\"fa fa-file-pdf-o\" aria-hidden=\"true\"><\/i>(<a href=\"http:\/\/www.ugelsanchezcarrion.gob.pe\/wordpress\/wp-content\/uploads\/2019\/07\/crono-07-19.pdf\" target=\"_blank\" rel=\"noopener\">aqu\u00ed<\/a>)<\/strong><\/p>\n<p><i class=\"fa fa-hand-o-right\" aria-hidden=\"true\"><\/i> <i class=\"fa fa-hand-o-right\" aria-hidden=\"true\"><\/i> <span style=\"color: #800000;\"><em><strong>Formatos<\/strong><\/em><\/span><strong>\u00a0descargar <i class=\"fa fa-file-pdf-o\" aria-hidden=\"true\"><\/i>(<a href=\"http:\/\/www.ugelsanchezcarrion.gob.pe\/wordpress\/wp-content\/uploads\/2019\/07\/anexos-cas-07-19.pdf\" target=\"_blank\" rel=\"noopener\">aqu\u00ed<\/a>)<\/strong><\/p>\n<hr \/>\n<h3><em><strong><span style=\"color: #ff0000;\">P<\/span><\/strong><strong><span style=\"color: #ff0000;\">ublicaci\u00f3n de resultados preliminares de la evaluaci\u00f3n de la hoja de vida<\/span><\/strong><\/em><\/h3>\n<p><span style=\"color: #000000;\"><strong><span style=\"color: #800000;\"><em>Acompa\u00f1ante pedag\u00f3gico<\/em><\/span> descargar (<a href=\"http:\/\/www.ugelsanchezcarrion.gob.pe\/wordpress\/wp-content\/uploads\/2019\/07\/pela.pdf\" target=\"_blank\" rel=\"noopener\">aqu\u00ed<\/a>)<\/strong><\/span><\/p>\n<p><span style=\"color: #000000;\"><strong><span style=\"color: #800000;\"><em>Gestor curricular<\/em><\/span> descargar (<a href=\"http:\/\/www.ugelsanchezcarrion.gob.pe\/wordpress\/wp-content\/uploads\/2019\/07\/gc.pdf\" target=\"_blank\" rel=\"noopener\">aqu\u00ed<\/a>)<\/strong><\/span><\/p>\n<p><span style=\"color: #000000;\"><strong><span style=\"color: #000000;\"><em>Improcedentes<\/em><\/span> descargar (<a href=\"http:\/\/www.ugelsanchezcarrion.gob.pe\/wordpress\/wp-content\/uploads\/2019\/07\/impro.pdf\" target=\"_blank\" rel=\"noopener\">aqu\u00ed<\/a>)<\/strong><\/span><\/p>\n<hr \/>\n<h3><span style=\"color: #ff0000;\"><em><strong>Absoluci\u00f3n de reclamos y Publicaci\u00f3n de postulantes aptos para Evaluaci\u00f3n T\u00e9cnica<\/strong><\/em><\/span><\/h3>\n<p><strong><span style=\"color: #800000;\"><em>Acompa\u00f1ante pedag\u00f3gico<\/em><\/span> descargar (<a href=\"http:\/\/www.ugelsanchezcarrion.gob.pe\/wordpress\/wp-content\/uploads\/2019\/07\/pela-et.pdf\" target=\"_blank\" rel=\"noopener\">aqu\u00ed<\/a>)<\/strong><\/p>\n<p><strong><span style=\"color: #800000;\"><em>Gestor curricular<\/em><\/span> descargar (<a href=\"http:\/\/www.ugelsanchezcarrion.gob.pe\/wordpress\/wp-content\/uploads\/2019\/07\/gc-et.pdf\" target=\"_blank\" rel=\"noopener\">aqu\u00ed<\/a>)<\/strong><\/p>\n<p>&nbsp;<\/p>\n<p><strong><span style=\"color: #0000ff;\">NOTA: Solo para Acompa\u00f1antes Pedag\u00f3gicos la Evaluaci\u00f3n T\u00e9cnica se llevar\u00e1 a cabo el d\u00eda 25 del presente a horas 10:00a.m. en el auditorio, <em>Gestor curricular pasa a entrevista personal en la fecha indicada seg\u00fan cronograma.<\/em><\/span><\/strong><\/p>\n<p>&nbsp;<\/p>\n<hr \/>\n<h3><span style=\"color: #ff0000;\"><em><strong>ENTREVISTA PERSONAL<\/strong><\/em><\/span><\/h3>\n<p><span style=\"color: #800000;\"><em><strong>Aptos para entrevista personal<\/strong><\/em><\/span> <strong>descargar (<a href=\"http:\/\/www.ugelsanchezcarrion.gob.pe\/wordpress\/wp-content\/uploads\/2019\/07\/comunicado-pela-cas-07.pdf\" target=\"_blank\" rel=\"noopener\">aqu\u00ed<\/a>)<\/strong><\/p>\n<p>&nbsp;<\/p>\n<p><strong><span style=\"color: #0000ff;\">NOTA: SE HACE CONOCER A LOS SIGUIENTES POSTULANTES, QUE HAN SIDO DECLARADOS APTOS PARA LA ENTREVISTA PERSONAL, LA MISMA QUE SE DESARROLLAR\u00c1 EL D\u00cdA 31 DE JULIO DE 2019, A PARTIR DE LAS 09: 00 HORAS DE ACUERDO AL SIGUIENTE CRONOGRAMA<\/span><\/strong><\/p>\n<hr \/>\n<h3><span style=\"color: #ff0000;\"><em><strong>Publicaci\u00f3n de resultados finales<\/strong><\/em><\/span><\/h3>\n<p><strong><span style=\"color: #800000;\"><em>Acompa\u00f1ante pedag\u00f3gico<\/em><\/span> descargar (<a href=\"http:\/\/www.ugelsanchezcarrion.gob.pe\/wordpress\/wp-content\/uploads\/2019\/07\/finales-pela-cas-07-19.pdf\" target=\"_blank\" rel=\"noopener\">aqu\u00ed<\/a>)<\/strong><\/p>\n<p><strong><span style=\"color: #800000;\"><em>Gestor curricular<\/em><\/span> descargar (<a href=\"http:\/\/www.ugelsanchezcarrion.gob.pe\/wordpress\/wp-content\/uploads\/2019\/07\/final-gestor-cas-007-19.pdf\" target=\"_blank\" rel=\"noopener\">aqu\u00ed<\/a>)<\/strong><\/p>\n<p>&nbsp;<\/p>\n<p><span style=\"color: #0000ff;\"><strong>NOTA:<\/strong> La <strong><em>Suscripci\u00f3n del contrato (adjudicaci\u00f3n) se llevar\u00e1 a cabo el d\u00eda 01-08-2019 a las 10:00a.m. en la oficina de personal.<\/em><\/strong><\/span><\/p>\n<p>&nbsp;<\/p>\n<p>&nbsp;<\/p>\n<p>&nbsp;<\/p>\n<p>&nbsp;<\/p>\n<h3><\/h3>\n<p>&nbsp;<\/p>\n<p>&nbsp;<\/p>\n","protected":false},"excerpt":{"rendered":"<p>Puesto para contrato CAS N\u00b0 007\u00a0descargar (aqu\u00ed) T\u00e9rminos de referencia descargar (aqu\u00ed) Cronograma y criterio etapa de evaluaci\u00f3n\u00a0descargar (aqu\u00ed) Formatos\u00a0descargar (aqu\u00ed) Publicaci\u00f3n de resultados preliminares de la evaluaci\u00f3n de la hoja de vida Acompa\u00f1ante pedag\u00f3gico descargar (aqu\u00ed) Gestor curricular descargar (aqu\u00ed) Improcedentes descargar (aqu\u00ed) Absoluci\u00f3n de reclamos y Publicaci\u00f3n de postulantes aptos para Evaluaci\u00f3n T\u00e9cnica&#8230;<\/p>\n","protected":false},"author":1,"featured_media":0,"comment_status":"closed","ping_status":"open","sticky":false,"template":"","format":"aside","meta":[],"categories":[21],"tags":[],"_links":{"self":[{"href":"http:\/\/www.ugelsanchezcarrion.gob.pe\/index.php?rest_route=\/wp\/v2\/posts\/7462"}],"collection":[{"href":"http:\/\/www.ugelsanchezcarrion.gob.pe\/index.php?rest_route=\/wp\/v2\/posts"}],"about":[{"href":"http:\/\/www.ugelsanchezcarrion.gob.pe\/index.php?rest_route=\/wp\/v2\/types\/post"}],"author":[{"embeddable":true,"href":"http:\/\/www.ugelsanchezcarrion.gob.pe\/index.php?rest_route=\/wp\/v2\/users\/1"}],"replies":[{"embeddable":true,"href":"http:\/\/www.ugelsanchezcarrion.gob.pe\/index.php?rest_route=%2Fwp%2Fv2%2Fcomments&post=7462"}],"version-history":[{"count":11,"href":"http:\/\/www.ugelsanchezcarrion.gob.pe\/index.php?rest_route=\/wp\/v2\/posts\/7462\/revisions"}],"predecessor-version":[{"id":7692,"href":"http:\/\/www.ugelsanchezcarrion.gob.pe\/index.php?rest_route=\/wp\/v2\/posts\/7462\/revisions\/7692"}],"wp:attachment":[{"href":"http:\/\/www.ugelsanchezcarrion.gob.pe\/index.php?rest_route=%2Fwp%2Fv2%2Fmedia&parent=7462"}],"wp:term":[{"taxonomy":"category","embeddable":true,"href":"http:\/\/www.ugelsanchezcarrion.gob.pe\/index.php?rest_route=%2Fwp%2Fv2%2Fcategories&post=7462"},{"taxonomy":"post_tag","embeddable":true,"href":"http:\/\/www.ugelsanchezcarrion.gob.pe\/index.php?rest_route=%2Fwp%2Fv2%2Ftags&post=7462"}],"curies":[{"name":"wp","href":"https:\/\/api.w.org\/{rel}","templated":true}]}}