{"id":7525,"date":"2019-07-19T18:17:49","date_gmt":"2019-07-19T23:17:49","guid":{"rendered":"http:\/\/www.ugelsanchezcarrion.gob.pe\/?p=7525"},"modified":"2019-08-05T17:28:59","modified_gmt":"2019-08-05T22:28:59","slug":"plaza-vacante-cargo-directivo-ceba-san-nicolas-cronograma-etapa-excepcional-1-2-3-tramo","status":"publish","type":"post","link":"http:\/\/www.ugelsanchezcarrion.gob.pe\/?p=7525","title":{"rendered":"Plaza vacante en cargo directivo \u2013 CEBA SAN NICOLAS cronograma etapa excepcional 1\u00b0, 2\u00b0 y 3\u00b0 tramo <span class=\"label label-warning\">Final<\/span>"},"content":{"rendered":"<p><span style=\"color: #ff0000;\"><em><strong>Clic sobre la imagen para descargar cronograma<\/strong><\/em><\/span><\/p>\n<p><a href=\"http:\/\/www.ugelsanchezcarrion.gob.pe\/wordpress\/wp-content\/uploads\/2019\/07\/Plaza-vacante-en-cargo-directivo-\u2013-CEBA-SAN-NICOLAS-1\u00b0-2\u00b0-y-3\u00b0-tramo.pdf\"><img loading=\"lazy\" class=\"alignnone wp-image-7526 size-full\" src=\"http:\/\/www.ugelsanchezcarrion.gob.pe\/wordpress\/wp-content\/uploads\/2019\/07\/Plaza-vacante-en-cargo-directivo-\u2013-CEBA-SAN-NICOLAS-1\u00b0-2\u00b0-y-3\u00b0-tramo.jpg\" alt=\"\" width=\"600\" height=\"340\" srcset=\"http:\/\/www.ugelsanchezcarrion.gob.pe\/wordpress\/wp-content\/uploads\/2019\/07\/Plaza-vacante-en-cargo-directivo-\u2013-CEBA-SAN-NICOLAS-1\u00b0-2\u00b0-y-3\u00b0-tramo.jpg 600w, http:\/\/www.ugelsanchezcarrion.gob.pe\/wordpress\/wp-content\/uploads\/2019\/07\/Plaza-vacante-en-cargo-directivo-\u2013-CEBA-SAN-NICOLAS-1\u00b0-2\u00b0-y-3\u00b0-tramo-300x170.jpg 300w\" sizes=\"(max-width: 600px) 100vw, 600px\" \/><\/a><\/p>\n<hr \/>\n<h3><span style=\"color: #ff0000;\"><em><strong>Publicaci\u00f3n clasificados y calificados de expedientes<\/strong><\/em><\/span><\/h3>\n<p><i class=\"fa fa-hand-o-right\" aria-hidden=\"true\"><\/i> <span style=\"color: #000000;\"><strong><span style=\"color: #800000;\"><em>Cuadro de m\u00e9ritos preliminar<\/em><\/span> descargar <i class=\"fa fa-file-pdf-o\" aria-hidden=\"true\"><\/i>(<a href=\"http:\/\/www.ugelsanchezcarrion.gob.pe\/wordpress\/wp-content\/uploads\/2019\/07\/cm-ceba-sn.pdf\" target=\"_blank\" rel=\"noopener\">aqu\u00ed<\/a>)<\/strong><\/span><\/p>\n<p><i class=\"fa fa-hand-o-right\" aria-hidden=\"true\"><\/i> <span style=\"color: #000000;\"><strong><span style=\"color: #800000;\"><em>Improcedentes<\/em><\/span>\u00a0descargar <i class=\"fa fa-file-pdf-o\" aria-hidden=\"true\"><\/i>(<a href=\"http:\/\/www.ugelsanchezcarrion.gob.pe\/wordpress\/wp-content\/uploads\/2019\/07\/impro-ceba-sn-1.pdf\" target=\"_blank\" rel=\"noopener\">aqu\u00ed<\/a>)<\/strong><\/span><\/p>\n<hr \/>\n<h3><span style=\"color: #ff0000;\"><em><strong>Publicaci\u00f3n del cuadro de m\u00e9ritos 05-08-219<\/strong><\/em><\/span><\/h3>\n<p><i class=\"fa fa-hand-o-right\" aria-hidden=\"true\"><\/i> <span style=\"color: #000000;\"><strong><span style=\"color: #800000;\"><em>Cuadro de m\u00e9ritos final<\/em><\/span>\u00a0descargar <i class=\"fa fa-file-pdf-o\" aria-hidden=\"true\"><\/i>(<a href=\"http:\/\/www.ugelsanchezcarrion.gob.pe\/wordpress\/wp-content\/uploads\/2019\/07\/Cuadro-de-meritos-final-ceba-sn.pdf\" target=\"_blank\" rel=\"noopener\">aqu\u00ed<\/a>)<\/strong><\/span><\/p>\n<p><i class=\"fa fa-hand-o-right\" aria-hidden=\"true\"><\/i> <span style=\"color: #000000;\"><strong><span style=\"color: #800000;\"><em>Improcedentes final<\/em><\/span>\u00a0descargar <i class=\"fa fa-file-pdf-o\" aria-hidden=\"true\"><\/i>(<a href=\"http:\/\/www.ugelsanchezcarrion.gob.pe\/wordpress\/wp-content\/uploads\/2019\/07\/impro-final-ceba-sn.pdf\" target=\"_blank\" rel=\"noopener\">aqu\u00ed<\/a>)<\/strong><\/span><br \/>\n<span style=\"color: #000000;\"><strong><span style=\"color: #800000;\"><em>COMUNICADO I. adjudicaci\u00f3n 06-08-19<\/em><\/span> descargar (<a href=\"http:\/\/www.ugelsanchezcarrion.gob.pe\/wordpress\/wp-content\/uploads\/2019\/07\/comun-ceba-sn-adju.pdf\" target=\"_blank\" rel=\"noopener\">aqu\u00ed<\/a>)<\/strong><\/span><\/p>\n<p>&nbsp;<\/p>\n<p>&nbsp;<\/p>\n<p>&nbsp;<\/p>\n<p>&nbsp;<\/p>\n<p>&nbsp;<\/p>\n","protected":false},"excerpt":{"rendered":"<p>Clic sobre la imagen para descargar cronograma Publicaci\u00f3n clasificados y calificados de expedientes Cuadro de m\u00e9ritos preliminar descargar (aqu\u00ed) Improcedentes\u00a0descargar (aqu\u00ed) Publicaci\u00f3n del cuadro de m\u00e9ritos 05-08-219 Cuadro de m\u00e9ritos final\u00a0descargar (aqu\u00ed) Improcedentes final\u00a0descargar (aqu\u00ed) COMUNICADO I. adjudicaci\u00f3n 06-08-19 descargar (aqu\u00ed) &nbsp; &nbsp; &nbsp; &nbsp; &nbsp;<\/p>\n","protected":false},"author":1,"featured_media":0,"comment_status":"closed","ping_status":"open","sticky":false,"template":"","format":"aside","meta":[],"categories":[10],"tags":[],"_links":{"self":[{"href":"http:\/\/www.ugelsanchezcarrion.gob.pe\/index.php?rest_route=\/wp\/v2\/posts\/7525"}],"collection":[{"href":"http:\/\/www.ugelsanchezcarrion.gob.pe\/index.php?rest_route=\/wp\/v2\/posts"}],"about":[{"href":"http:\/\/www.ugelsanchezcarrion.gob.pe\/index.php?rest_route=\/wp\/v2\/types\/post"}],"author":[{"embeddable":true,"href":"http:\/\/www.ugelsanchezcarrion.gob.pe\/index.php?rest_route=\/wp\/v2\/users\/1"}],"replies":[{"embeddable":true,"href":"http:\/\/www.ugelsanchezcarrion.gob.pe\/index.php?rest_route=%2Fwp%2Fv2%2Fcomments&post=7525"}],"version-history":[{"count":5,"href":"http:\/\/www.ugelsanchezcarrion.gob.pe\/index.php?rest_route=\/wp\/v2\/posts\/7525\/revisions"}],"predecessor-version":[{"id":7619,"href":"http:\/\/www.ugelsanchezcarrion.gob.pe\/index.php?rest_route=\/wp\/v2\/posts\/7525\/revisions\/7619"}],"wp:attachment":[{"href":"http:\/\/www.ugelsanchezcarrion.gob.pe\/index.php?rest_route=%2Fwp%2Fv2%2Fmedia&parent=7525"}],"wp:term":[{"taxonomy":"category","embeddable":true,"href":"http:\/\/www.ugelsanchezcarrion.gob.pe\/index.php?rest_route=%2Fwp%2Fv2%2Fcategories&post=7525"},{"taxonomy":"post_tag","embeddable":true,"href":"http:\/\/www.ugelsanchezcarrion.gob.pe\/index.php?rest_route=%2Fwp%2Fv2%2Ftags&post=7525"}],"curies":[{"name":"wp","href":"https:\/\/api.w.org\/{rel}","templated":true}]}}