{"id":7673,"date":"2019-08-09T11:55:50","date_gmt":"2019-08-09T16:55:50","guid":{"rendered":"http:\/\/www.ugelsanchezcarrion.gob.pe\/?p=7673"},"modified":"2019-08-09T11:56:22","modified_gmt":"2019-08-09T16:56:22","slug":"curso-virtual-planificacion-curricular-evaluacion-formativa-inscripciones-140819","status":"publish","type":"post","link":"http:\/\/www.ugelsanchezcarrion.gob.pe\/?p=7673","title":{"rendered":"Curso virtual planificaci\u00f3n curricular y evaluaci\u00f3n formativa inscripciones hasta el 14\/08\/19"},"content":{"rendered":"<p><span style=\"color: #ff0000;\"><em><strong>La inscripci\u00f3n de los docentes y directivos se realizar\u00e1 a trav\u00e9s de la plataforma PERUEDUCA en la fecha se\u00f1alada en el Oficio<\/strong><\/em><\/span><\/p>\n<p><img loading=\"lazy\" class=\"alignnone wp-image-7675 size-full\" src=\"http:\/\/www.ugelsanchezcarrion.gob.pe\/wordpress\/wp-content\/uploads\/2019\/08\/179462-minedu-primera-convocatoria-2019-curso-virtual-planificacion-curricular.jpg\" alt=\"\" width=\"851\" height=\"444\" srcset=\"http:\/\/www.ugelsanchezcarrion.gob.pe\/wordpress\/wp-content\/uploads\/2019\/08\/179462-minedu-primera-convocatoria-2019-curso-virtual-planificacion-curricular.jpg 851w, http:\/\/www.ugelsanchezcarrion.gob.pe\/wordpress\/wp-content\/uploads\/2019\/08\/179462-minedu-primera-convocatoria-2019-curso-virtual-planificacion-curricular-300x157.jpg 300w, http:\/\/www.ugelsanchezcarrion.gob.pe\/wordpress\/wp-content\/uploads\/2019\/08\/179462-minedu-primera-convocatoria-2019-curso-virtual-planificacion-curricular-768x401.jpg 768w\" sizes=\"(max-width: 851px) 100vw, 851px\" \/><\/p>\n<hr \/>\n<p><strong><span style=\"color: #800000;\"><em>O.M.\u00a0 N\u00b0 055-2019-MINEDU\/VMGP-DIGEBR-DES<\/em><\/span> descargar <i class=\"fa fa-file-pdf-o\" aria-hidden=\"true\"><\/i>(<a href=\"http:\/\/www.ugelsanchezcarrion.gob.pe\/wordpress\/wp-content\/uploads\/2019\/08\/Oficio_055_PCEF_DRE-LA-LIBERTAD.pdf\" target=\"_blank\" rel=\"noopener\">aqu\u00ed<\/a>)<\/strong><\/p>\n<p><i class=\"fa fa-hand-o-right\" aria-hidden=\"true\"><\/i> <a href=\"http:\/\/www.perueduca.pe\/\" target=\"_blank\" rel=\"noopener\"><strong>perueduca.pe<\/strong><\/a><\/p>\n<p>&nbsp;<\/p>\n<p>&nbsp;<\/p>\n<p>&nbsp;<\/p>\n<p>&nbsp;<\/p>\n<p>&nbsp;<\/p>\n<p>&nbsp;<\/p>\n<p>&nbsp;<\/p>\n","protected":false},"excerpt":{"rendered":"<p>La inscripci\u00f3n de los docentes y directivos se realizar\u00e1 a trav\u00e9s de la plataforma PERUEDUCA en la fecha se\u00f1alada en el Oficio O.M.\u00a0 N\u00b0 055-2019-MINEDU\/VMGP-DIGEBR-DES descargar (aqu\u00ed) perueduca.pe &nbsp; &nbsp; &nbsp; &nbsp; &nbsp; &nbsp; &nbsp;<\/p>\n","protected":false},"author":1,"featured_media":0,"comment_status":"closed","ping_status":"open","sticky":false,"template":"","format":"aside","meta":[],"categories":[10],"tags":[],"_links":{"self":[{"href":"http:\/\/www.ugelsanchezcarrion.gob.pe\/index.php?rest_route=\/wp\/v2\/posts\/7673"}],"collection":[{"href":"http:\/\/www.ugelsanchezcarrion.gob.pe\/index.php?rest_route=\/wp\/v2\/posts"}],"about":[{"href":"http:\/\/www.ugelsanchezcarrion.gob.pe\/index.php?rest_route=\/wp\/v2\/types\/post"}],"author":[{"embeddable":true,"href":"http:\/\/www.ugelsanchezcarrion.gob.pe\/index.php?rest_route=\/wp\/v2\/users\/1"}],"replies":[{"embeddable":true,"href":"http:\/\/www.ugelsanchezcarrion.gob.pe\/index.php?rest_route=%2Fwp%2Fv2%2Fcomments&post=7673"}],"version-history":[{"count":1,"href":"http:\/\/www.ugelsanchezcarrion.gob.pe\/index.php?rest_route=\/wp\/v2\/posts\/7673\/revisions"}],"predecessor-version":[{"id":7676,"href":"http:\/\/www.ugelsanchezcarrion.gob.pe\/index.php?rest_route=\/wp\/v2\/posts\/7673\/revisions\/7676"}],"wp:attachment":[{"href":"http:\/\/www.ugelsanchezcarrion.gob.pe\/index.php?rest_route=%2Fwp%2Fv2%2Fmedia&parent=7673"}],"wp:term":[{"taxonomy":"category","embeddable":true,"href":"http:\/\/www.ugelsanchezcarrion.gob.pe\/index.php?rest_route=%2Fwp%2Fv2%2Fcategories&post=7673"},{"taxonomy":"post_tag","embeddable":true,"href":"http:\/\/www.ugelsanchezcarrion.gob.pe\/index.php?rest_route=%2Fwp%2Fv2%2Ftags&post=7673"}],"curies":[{"name":"wp","href":"https:\/\/api.w.org\/{rel}","templated":true}]}}