{"id":7711,"date":"2019-08-19T13:30:47","date_gmt":"2019-08-19T18:30:47","guid":{"rendered":"http:\/\/www.ugelsanchezcarrion.gob.pe\/?p=7711"},"modified":"2019-09-02T17:10:20","modified_gmt":"2019-09-02T22:10:20","slug":"plazas-declaradas-excedentes-fecha-reasignacion-racionalizacion-m-n02-19-grll-ggr-grse-ugel-scp-cora","status":"publish","type":"post","link":"http:\/\/www.ugelsanchezcarrion.gob.pe\/?p=7711","title":{"rendered":"Plazas declaradas Excedentes y fecha de Reasignaci\u00f3n por Racionalizaci\u00f3n <span class=\"label label-success\">Plazas vacantes<\/span>"},"content":{"rendered":"<p><span style=\"color: #ff0000;\"><em><strong>Clic sobre la imagen para descargar\u00a0O.M. N\u00b0002-2019-GRLL-GGR-GRSE-UGEL-SC\/P.-CORA UGEL-SC.<\/strong><\/em><\/span><\/p>\n<p><a href=\"http:\/\/www.ugelsanchezcarrion.gob.pe\/wordpress\/wp-content\/uploads\/2019\/08\/Plazas-declaradas-Excedentes.pdf\"><img loading=\"lazy\" class=\"alignnone wp-image-7712 size-full\" src=\"http:\/\/www.ugelsanchezcarrion.gob.pe\/wordpress\/wp-content\/uploads\/2019\/08\/Plazas-declaradas-Excedentes.jpg\" alt=\"\" width=\"600\" height=\"340\" srcset=\"http:\/\/www.ugelsanchezcarrion.gob.pe\/wordpress\/wp-content\/uploads\/2019\/08\/Plazas-declaradas-Excedentes.jpg 600w, http:\/\/www.ugelsanchezcarrion.gob.pe\/wordpress\/wp-content\/uploads\/2019\/08\/Plazas-declaradas-Excedentes-300x170.jpg 300w\" sizes=\"(max-width: 600px) 100vw, 600px\" \/><\/a><\/p>\n<hr \/>\n<p><i class=\"fa fa-hand-o-right\" aria-hidden=\"true\"><\/i> <span style=\"color: #000000;\"><strong><span style=\"color: #800000;\"><em>Cuadro de m\u00e9ritos de docentes excedentes nombrados<\/em><\/span> descargar <i class=\"fa fa-file-pdf-o\" aria-hidden=\"true\"><\/i>(<a href=\"http:\/\/www.ugelsanchezcarrion.gob.pe\/wordpress\/wp-content\/uploads\/2019\/08\/cuadro-de-meritos.pdf\" target=\"_blank\" rel=\"noopener\">aqu\u00ed<\/a>)<\/strong><\/span><\/p>\n<p><i class=\"fa fa-hand-o-right\" aria-hidden=\"true\"><\/i> <span style=\"color: #000000;\"><strong><span style=\"color: #800000;\"><em>Cuadro de m\u00e9ritos Actualizado de docentes excedentes nombrados<\/em><\/span> descargar <i class=\"fa fa-file-pdf-o\" aria-hidden=\"true\"><\/i>(<a href=\"http:\/\/www.ugelsanchezcarrion.gob.pe\/wordpress\/wp-content\/uploads\/2019\/08\/cuadro-de-meritos-actualizado.pdf\" target=\"_blank\" rel=\"noopener\">aqu\u00ed<\/a>)\u00a0<\/strong><\/span> <span class=\"label label-danger\">02\/09\/3019<\/span><\/p>\n<hr \/>\n<p><i class=\"fa fa-hand-o-right\" aria-hidden=\"true\"><\/i> <span style=\"color: #000000;\"><strong><span style=\"color: #800000;\"><em>Plazas vacantes para reasignaci\u00f3n racionalizaci\u00f3n<\/em><\/span> descargar <i class=\"fa fa-file-pdf-o\" aria-hidden=\"true\"><\/i>(<a href=\"http:\/\/www.ugelsanchezcarrion.gob.pe\/wordpress\/wp-content\/uploads\/2019\/08\/Plazas-vacantes.pdf\" target=\"_blank\" rel=\"noopener\">aqu\u00ed<\/a>)<\/strong><\/span><\/p>\n<p>&nbsp;<\/p>\n<p>&nbsp;<\/p>\n<p>&nbsp;<\/p>\n<p>&nbsp;<\/p>\n<p>&nbsp;<\/p>\n<p>&nbsp;<\/p>\n<p>&nbsp;<\/p>\n<p>&nbsp;<\/p>\n<p>&nbsp;<\/p>\n","protected":false},"excerpt":{"rendered":"<p>Clic sobre la imagen para descargar\u00a0O.M. N\u00b0002-2019-GRLL-GGR-GRSE-UGEL-SC\/P.-CORA UGEL-SC. Cuadro de m\u00e9ritos de docentes excedentes nombrados descargar (aqu\u00ed) Cuadro de m\u00e9ritos Actualizado de docentes excedentes nombrados descargar (aqu\u00ed)\u00a0 02\/09\/3019 Plazas vacantes para reasignaci\u00f3n racionalizaci\u00f3n descargar (aqu\u00ed) &nbsp; &nbsp; &nbsp; &nbsp; &nbsp; &nbsp; &nbsp; &nbsp; &nbsp;<\/p>\n","protected":false},"author":1,"featured_media":0,"comment_status":"closed","ping_status":"open","sticky":false,"template":"","format":"aside","meta":[],"categories":[10],"tags":[],"_links":{"self":[{"href":"http:\/\/www.ugelsanchezcarrion.gob.pe\/index.php?rest_route=\/wp\/v2\/posts\/7711"}],"collection":[{"href":"http:\/\/www.ugelsanchezcarrion.gob.pe\/index.php?rest_route=\/wp\/v2\/posts"}],"about":[{"href":"http:\/\/www.ugelsanchezcarrion.gob.pe\/index.php?rest_route=\/wp\/v2\/types\/post"}],"author":[{"embeddable":true,"href":"http:\/\/www.ugelsanchezcarrion.gob.pe\/index.php?rest_route=\/wp\/v2\/users\/1"}],"replies":[{"embeddable":true,"href":"http:\/\/www.ugelsanchezcarrion.gob.pe\/index.php?rest_route=%2Fwp%2Fv2%2Fcomments&post=7711"}],"version-history":[{"count":6,"href":"http:\/\/www.ugelsanchezcarrion.gob.pe\/index.php?rest_route=\/wp\/v2\/posts\/7711\/revisions"}],"predecessor-version":[{"id":7844,"href":"http:\/\/www.ugelsanchezcarrion.gob.pe\/index.php?rest_route=\/wp\/v2\/posts\/7711\/revisions\/7844"}],"wp:attachment":[{"href":"http:\/\/www.ugelsanchezcarrion.gob.pe\/index.php?rest_route=%2Fwp%2Fv2%2Fmedia&parent=7711"}],"wp:term":[{"taxonomy":"category","embeddable":true,"href":"http:\/\/www.ugelsanchezcarrion.gob.pe\/index.php?rest_route=%2Fwp%2Fv2%2Fcategories&post=7711"},{"taxonomy":"post_tag","embeddable":true,"href":"http:\/\/www.ugelsanchezcarrion.gob.pe\/index.php?rest_route=%2Fwp%2Fv2%2Ftags&post=7711"}],"curies":[{"name":"wp","href":"https:\/\/api.w.org\/{rel}","templated":true}]}}