{"id":8487,"date":"2019-11-14T18:59:34","date_gmt":"2019-11-14T23:59:34","guid":{"rendered":"http:\/\/www.ugelsanchezcarrion.gob.pe\/?p=8487"},"modified":"2019-11-14T18:59:34","modified_gmt":"2019-11-14T23:59:34","slug":"profesores-aptos-cuadro-meritos-final-reasignacion-docente-etapa-regional-fase-ii-se-reprograma-falta-quorum-integrantes-comite-dia-18112019","status":"publish","type":"post","link":"http:\/\/www.ugelsanchezcarrion.gob.pe\/?p=8487","title":{"rendered":"Profesores aptos en el cuadro de m\u00e9ritos final de reasignaci\u00f3n docente etapa regional fase II se reprograma por falta de QUORUM integrantes comit\u00e9 d\u00eda 18\/11\/2019"},"content":{"rendered":"<p><span style=\"color: #ff0000;\"><em><strong>Clic sobre la imagen para descargar comunicado<\/strong><\/em><\/span><\/p>\n<p><a href=\"http:\/\/www.ugelsanchezcarrion.gob.pe\/wordpress\/wp-content\/uploads\/2019\/11\/reasignaci\u00f3n-docente-regional-fase-II-se-reprograma-por-falta-de-QUORUM-18112019.pdf\"><img loading=\"lazy\" class=\"alignnone wp-image-8488 size-full\" src=\"http:\/\/www.ugelsanchezcarrion.gob.pe\/wordpress\/wp-content\/uploads\/2019\/11\/reasignaci\u00f3n-regional-fase-II-se-reprograma-por-falta-QUORUM-18112019_001.jpg\" alt=\"\" width=\"600\" height=\"340\" srcset=\"http:\/\/www.ugelsanchezcarrion.gob.pe\/wordpress\/wp-content\/uploads\/2019\/11\/reasignaci\u00f3n-regional-fase-II-se-reprograma-por-falta-QUORUM-18112019_001.jpg 600w, http:\/\/www.ugelsanchezcarrion.gob.pe\/wordpress\/wp-content\/uploads\/2019\/11\/reasignaci\u00f3n-regional-fase-II-se-reprograma-por-falta-QUORUM-18112019_001-300x170.jpg 300w\" sizes=\"(max-width: 600px) 100vw, 600px\" \/><\/a><\/p>\n<hr \/>\n<p><strong><a href=\"http:\/\/www.ugelsanchezcarrion.gob.pe\/?p=8172\" target=\"_blank\" rel=\"noopener\">Siga todo el proceso regional de reasignaci\u00f3n docente por unidad familiar e inter\u00e9s personal 2019 aqu\u00ed<\/a><\/strong><\/p>\n<p>&nbsp;<\/p>\n<p>&nbsp;<\/p>\n<p>&nbsp;<\/p>\n<p>&nbsp;<\/p>\n<p>&nbsp;<\/p>\n<p>&nbsp;<\/p>\n<p>&nbsp;<\/p>\n<p>&nbsp;<\/p>\n<p>&nbsp;<\/p>\n","protected":false},"excerpt":{"rendered":"<p>Clic sobre la imagen para descargar comunicado Siga todo el proceso regional de reasignaci\u00f3n docente por unidad familiar e inter\u00e9s personal 2019 aqu\u00ed &nbsp; &nbsp; &nbsp; &nbsp; &nbsp; &nbsp; &nbsp; &nbsp; &nbsp;<\/p>\n","protected":false},"author":1,"featured_media":0,"comment_status":"closed","ping_status":"open","sticky":false,"template":"","format":"aside","meta":[],"categories":[10],"tags":[],"_links":{"self":[{"href":"http:\/\/www.ugelsanchezcarrion.gob.pe\/index.php?rest_route=\/wp\/v2\/posts\/8487"}],"collection":[{"href":"http:\/\/www.ugelsanchezcarrion.gob.pe\/index.php?rest_route=\/wp\/v2\/posts"}],"about":[{"href":"http:\/\/www.ugelsanchezcarrion.gob.pe\/index.php?rest_route=\/wp\/v2\/types\/post"}],"author":[{"embeddable":true,"href":"http:\/\/www.ugelsanchezcarrion.gob.pe\/index.php?rest_route=\/wp\/v2\/users\/1"}],"replies":[{"embeddable":true,"href":"http:\/\/www.ugelsanchezcarrion.gob.pe\/index.php?rest_route=%2Fwp%2Fv2%2Fcomments&post=8487"}],"version-history":[{"count":1,"href":"http:\/\/www.ugelsanchezcarrion.gob.pe\/index.php?rest_route=\/wp\/v2\/posts\/8487\/revisions"}],"predecessor-version":[{"id":8490,"href":"http:\/\/www.ugelsanchezcarrion.gob.pe\/index.php?rest_route=\/wp\/v2\/posts\/8487\/revisions\/8490"}],"wp:attachment":[{"href":"http:\/\/www.ugelsanchezcarrion.gob.pe\/index.php?rest_route=%2Fwp%2Fv2%2Fmedia&parent=8487"}],"wp:term":[{"taxonomy":"category","embeddable":true,"href":"http:\/\/www.ugelsanchezcarrion.gob.pe\/index.php?rest_route=%2Fwp%2Fv2%2Fcategories&post=8487"},{"taxonomy":"post_tag","embeddable":true,"href":"http:\/\/www.ugelsanchezcarrion.gob.pe\/index.php?rest_route=%2Fwp%2Fv2%2Ftags&post=8487"}],"curies":[{"name":"wp","href":"https:\/\/api.w.org\/{rel}","templated":true}]}}