{"id":8531,"date":"2019-11-28T16:36:03","date_gmt":"2019-11-28T21:36:03","guid":{"rendered":"http:\/\/www.ugelsanchezcarrion.gob.pe\/?p=8531"},"modified":"2019-11-28T16:36:03","modified_gmt":"2019-11-28T21:36:03","slug":"se-comunica-los-directores-la-reunion-trabajo-programada-los-dias-05-06-solo-se-realizara-dia-061219","status":"publish","type":"post","link":"http:\/\/www.ugelsanchezcarrion.gob.pe\/?p=8531","title":{"rendered":"Se comunica a los Directores que la reuni\u00f3n de trabajo  programada para los d\u00edas 05 y 06 solo se realizara el d\u00eda 06\/12\/19"},"content":{"rendered":"<p><span style=\"color: #ff0000;\"><em><strong>Clic sobre la imagen para descargar comunicado<\/strong><\/em><\/span><\/p>\n<p><a href=\"http:\/\/www.ugelsanchezcarrion.gob.pe\/wordpress\/wp-content\/uploads\/2019\/11\/Directores-reuni\u00f3n-de-trabajo-d\u00edas-05-y-06-se-realizara-el-d\u00eda-061219.pdf\"><img loading=\"lazy\" class=\"alignnone wp-image-8532 size-full\" src=\"http:\/\/www.ugelsanchezcarrion.gob.pe\/wordpress\/wp-content\/uploads\/2019\/11\/Directores-reuni\u00f3n-de-trabajo-d\u00edas-05-y-06-se-realizara-el-d\u00eda-061219.jpg\" alt=\"\" width=\"600\" height=\"340\" srcset=\"http:\/\/www.ugelsanchezcarrion.gob.pe\/wordpress\/wp-content\/uploads\/2019\/11\/Directores-reuni\u00f3n-de-trabajo-d\u00edas-05-y-06-se-realizara-el-d\u00eda-061219.jpg 600w, http:\/\/www.ugelsanchezcarrion.gob.pe\/wordpress\/wp-content\/uploads\/2019\/11\/Directores-reuni\u00f3n-de-trabajo-d\u00edas-05-y-06-se-realizara-el-d\u00eda-061219-300x170.jpg 300w\" sizes=\"(max-width: 600px) 100vw, 600px\" \/><\/a><\/p>\n<hr \/>\n<h3><span style=\"color: #ff0000;\"><strong>REFERENCIA<\/strong><\/span><\/h3>\n<p><span style=\"color: #000000;\"><strong><span style=\"color: #800000;\"><em>convoca a reuni\u00f3n d e trabajo<\/em><\/span>\u00a0\u00a0<a href=\"http:\/\/www.ugelsanchezcarrion.gob.pe\/wordpress\/wp-content\/uploads\/2019\/11\/O.M.-N%C2%B0-160-2019-GRLL-UGEL-SC-AGPDIR.pdf\" target=\"_blank\" rel=\"noopener\"><em>O.M. N\u00b0 160-2019-GRLL-UGEL-SC-AGP\/DIR<\/em><\/a><\/strong><\/span><\/p>\n<p>&nbsp;<\/p>\n<p>&nbsp;<\/p>\n<p>&nbsp;<\/p>\n<p>&nbsp;<\/p>\n<p>&nbsp;<\/p>\n<p>&nbsp;<\/p>\n<p>&nbsp;<\/p>\n<p>&nbsp;<\/p>\n<p>&nbsp;<\/p>\n<p>&nbsp;<\/p>\n<p>&nbsp;<\/p>\n","protected":false},"excerpt":{"rendered":"<p>Clic sobre la imagen para descargar comunicado REFERENCIA convoca a reuni\u00f3n d e trabajo\u00a0\u00a0O.M. N\u00b0 160-2019-GRLL-UGEL-SC-AGP\/DIR &nbsp; &nbsp; &nbsp; &nbsp; &nbsp; &nbsp; &nbsp; &nbsp; &nbsp; &nbsp; &nbsp;<\/p>\n","protected":false},"author":1,"featured_media":0,"comment_status":"closed","ping_status":"open","sticky":false,"template":"","format":"aside","meta":[],"categories":[10],"tags":[],"_links":{"self":[{"href":"http:\/\/www.ugelsanchezcarrion.gob.pe\/index.php?rest_route=\/wp\/v2\/posts\/8531"}],"collection":[{"href":"http:\/\/www.ugelsanchezcarrion.gob.pe\/index.php?rest_route=\/wp\/v2\/posts"}],"about":[{"href":"http:\/\/www.ugelsanchezcarrion.gob.pe\/index.php?rest_route=\/wp\/v2\/types\/post"}],"author":[{"embeddable":true,"href":"http:\/\/www.ugelsanchezcarrion.gob.pe\/index.php?rest_route=\/wp\/v2\/users\/1"}],"replies":[{"embeddable":true,"href":"http:\/\/www.ugelsanchezcarrion.gob.pe\/index.php?rest_route=%2Fwp%2Fv2%2Fcomments&post=8531"}],"version-history":[{"count":1,"href":"http:\/\/www.ugelsanchezcarrion.gob.pe\/index.php?rest_route=\/wp\/v2\/posts\/8531\/revisions"}],"predecessor-version":[{"id":8534,"href":"http:\/\/www.ugelsanchezcarrion.gob.pe\/index.php?rest_route=\/wp\/v2\/posts\/8531\/revisions\/8534"}],"wp:attachment":[{"href":"http:\/\/www.ugelsanchezcarrion.gob.pe\/index.php?rest_route=%2Fwp%2Fv2%2Fmedia&parent=8531"}],"wp:term":[{"taxonomy":"category","embeddable":true,"href":"http:\/\/www.ugelsanchezcarrion.gob.pe\/index.php?rest_route=%2Fwp%2Fv2%2Fcategories&post=8531"},{"taxonomy":"post_tag","embeddable":true,"href":"http:\/\/www.ugelsanchezcarrion.gob.pe\/index.php?rest_route=%2Fwp%2Fv2%2Ftags&post=8531"}],"curies":[{"name":"wp","href":"https:\/\/api.w.org\/{rel}","templated":true}]}}