{"id":8960,"date":"2020-02-20T17:17:16","date_gmt":"2020-02-20T22:17:16","guid":{"rendered":"http:\/\/www.ugelsanchezcarrion.gob.pe\/?p=8960"},"modified":"2020-02-20T17:18:41","modified_gmt":"2020-02-20T22:18:41","slug":"convoca-reunion-coordinacion-buen-inicio-del-ano-escolar-curgos-m-n-008-2020-grll-ugel-s-c-agpdir","status":"publish","type":"post","link":"http:\/\/www.ugelsanchezcarrion.gob.pe\/?p=8960","title":{"rendered":"Convoca a reuni\u00f3n de coordinaci\u00f3n buen inicio del a\u00f1o escolar Curgos O.M. N\u00b0 008-2020-GRLL-UGEL-S.C.-AGP\/DIR"},"content":{"rendered":"<p><span style=\"color: #ff0000;\"><em><strong>Clic sobre la imagen para descargar\u00a0O.M. N\u00b0 008-2020-GRLL-UGEL-S.C.-AGP\/DIR<\/strong><\/em><\/span><\/p>\n<p><a href=\"http:\/\/www.ugelsanchezcarrion.gob.pe\/wordpress\/wp-content\/uploads\/2020\/02\/O.M.-N\u00b0-008-2020-GRLL-UGEL-S.C.-AGPDIR.pdf\"><img loading=\"lazy\" class=\"alignnone wp-image-8953 size-full\" src=\"http:\/\/www.ugelsanchezcarrion.gob.pe\/wordpress\/wp-content\/uploads\/2020\/02\/O.M.-N\u00b0-008-2020-GRLL-UGEL-S.C.-AGPDIR.jpg\" alt=\"\" width=\"600\" height=\"340\" srcset=\"http:\/\/www.ugelsanchezcarrion.gob.pe\/wordpress\/wp-content\/uploads\/2020\/02\/O.M.-N\u00b0-008-2020-GRLL-UGEL-S.C.-AGPDIR.jpg 600w, http:\/\/www.ugelsanchezcarrion.gob.pe\/wordpress\/wp-content\/uploads\/2020\/02\/O.M.-N\u00b0-008-2020-GRLL-UGEL-S.C.-AGPDIR-300x170.jpg 300w\" sizes=\"(max-width: 600px) 100vw, 600px\" \/><\/a><\/p>\n<hr \/>\n<p><i class=\"fa fa-hand-o-right\" aria-hidden=\"true\"><\/i> <span style=\"color: #000000;\"><strong><span style=\"color: #800000;\"><em>Sedes Curgos para la reuni\u00f3n de coordinaci\u00f3n<\/em><\/span> descargar <i class=\"fa fa-file-pdf-o\" aria-hidden=\"true\"><\/i>(<a href=\"http:\/\/www.ugelsanchezcarrion.gob.pe\/wordpress\/wp-content\/uploads\/2020\/02\/sede-Curgos.pdf\" target=\"_blank\" rel=\"noopener\">aqu\u00ed<\/a>)<\/strong><\/span><\/p>\n<p>&nbsp;<\/p>\n<p>&nbsp;<\/p>\n<p>&nbsp;<\/p>\n<p>&nbsp;<\/p>\n<p>&nbsp;<\/p>\n<p>&nbsp;<\/p>\n<p>&nbsp;<\/p>\n<p>&nbsp;<\/p>\n<p>&nbsp;<\/p>\n","protected":false},"excerpt":{"rendered":"<p>Clic sobre la imagen para descargar\u00a0O.M. N\u00b0 008-2020-GRLL-UGEL-S.C.-AGP\/DIR Sedes Curgos para la reuni\u00f3n de coordinaci\u00f3n descargar (aqu\u00ed) &nbsp; &nbsp; &nbsp; &nbsp; &nbsp; &nbsp; &nbsp; &nbsp; &nbsp;<\/p>\n","protected":false},"author":1,"featured_media":0,"comment_status":"closed","ping_status":"open","sticky":false,"template":"","format":"aside","meta":[],"categories":[10],"tags":[],"_links":{"self":[{"href":"http:\/\/www.ugelsanchezcarrion.gob.pe\/index.php?rest_route=\/wp\/v2\/posts\/8960"}],"collection":[{"href":"http:\/\/www.ugelsanchezcarrion.gob.pe\/index.php?rest_route=\/wp\/v2\/posts"}],"about":[{"href":"http:\/\/www.ugelsanchezcarrion.gob.pe\/index.php?rest_route=\/wp\/v2\/types\/post"}],"author":[{"embeddable":true,"href":"http:\/\/www.ugelsanchezcarrion.gob.pe\/index.php?rest_route=\/wp\/v2\/users\/1"}],"replies":[{"embeddable":true,"href":"http:\/\/www.ugelsanchezcarrion.gob.pe\/index.php?rest_route=%2Fwp%2Fv2%2Fcomments&post=8960"}],"version-history":[{"count":1,"href":"http:\/\/www.ugelsanchezcarrion.gob.pe\/index.php?rest_route=\/wp\/v2\/posts\/8960\/revisions"}],"predecessor-version":[{"id":8961,"href":"http:\/\/www.ugelsanchezcarrion.gob.pe\/index.php?rest_route=\/wp\/v2\/posts\/8960\/revisions\/8961"}],"wp:attachment":[{"href":"http:\/\/www.ugelsanchezcarrion.gob.pe\/index.php?rest_route=%2Fwp%2Fv2%2Fmedia&parent=8960"}],"wp:term":[{"taxonomy":"category","embeddable":true,"href":"http:\/\/www.ugelsanchezcarrion.gob.pe\/index.php?rest_route=%2Fwp%2Fv2%2Fcategories&post=8960"},{"taxonomy":"post_tag","embeddable":true,"href":"http:\/\/www.ugelsanchezcarrion.gob.pe\/index.php?rest_route=%2Fwp%2Fv2%2Ftags&post=8960"}],"curies":[{"name":"wp","href":"https:\/\/api.w.org\/{rel}","templated":true}]}}