{"id":9405,"date":"2020-06-04T22:38:24","date_gmt":"2020-06-05T03:38:24","guid":{"rendered":"http:\/\/www.ugelsanchezcarrion.gob.pe\/?p=9405"},"modified":"2020-06-04T22:38:24","modified_gmt":"2020-06-05T03:38:24","slug":"propuesta-planes-trabajo-remoto-m-n-017-2020-grll-ggrgrse-ugel-scagp-dir","status":"publish","type":"post","link":"http:\/\/www.ugelsanchezcarrion.gob.pe\/?p=9405","title":{"rendered":"Propuesta de Planes de Trabajo Remoto &#8211; O.M. N\u00b0 017-2020-GRLL-GGR\/GRSE-UGEL-SC\/AGP-DIR"},"content":{"rendered":"<p><span style=\"color: #ff0000;\"><em><strong>Clic sobre la imagen para descargar\u00a0O.M. N\u00b0 017-2020-GRLL-GGR\/GRSE-UGEL-SC\/AGP-DIR<\/strong><\/em><\/span><\/p>\n<p><a href=\"http:\/\/www.ugelsanchezcarrion.gob.pe\/wordpress\/wp-content\/uploads\/2020\/06\/OFICIO-PROPUESTA-PLANES.pdf\"><img loading=\"lazy\" class=\"alignnone wp-image-9406 size-full\" src=\"http:\/\/www.ugelsanchezcarrion.gob.pe\/wordpress\/wp-content\/uploads\/2020\/06\/OFICIO-PROPUESTA-PLANES.jpg\" alt=\"\" width=\"600\" height=\"340\" srcset=\"http:\/\/www.ugelsanchezcarrion.gob.pe\/wordpress\/wp-content\/uploads\/2020\/06\/OFICIO-PROPUESTA-PLANES.jpg 600w, http:\/\/www.ugelsanchezcarrion.gob.pe\/wordpress\/wp-content\/uploads\/2020\/06\/OFICIO-PROPUESTA-PLANES-300x170.jpg 300w\" sizes=\"(max-width: 600px) 100vw, 600px\" \/><\/a><\/p>\n<hr \/>\n<p><i class=\"fa fa-hand-o-right\" aria-hidden=\"true\"><\/i> <span style=\"color: #000000;\"><strong><span style=\"color: #800000;\"><em>PLAN DE TRABAJO AUXILIARES-EDUCACI\u00d3N<\/em><\/span> descargar <i class=\"far fa-file-word\"><\/i>(<a href=\"http:\/\/www.ugelsanchezcarrion.gob.pe\/wordpress\/wp-content\/uploads\/2020\/06\/PLAN-DE-TRABAJO-AUXILIARES-EDUCACI\u00d3N.docx\" target=\"_blank\" rel=\"noopener\">aqu\u00ed<\/a>)<\/strong><\/span><\/p>\n<p><i class=\"fa fa-hand-o-right\" aria-hidden=\"true\"><\/i> <span style=\"color: #000000;\"><strong><span style=\"color: #800000;\"><em>PLAN PEDAG\u00d3GICO COORDINADORES<\/em><\/span> descargar <i class=\"far fa-file-word\"><\/i>(<a href=\"http:\/\/www.ugelsanchezcarrion.gob.pe\/wordpress\/wp-content\/uploads\/2020\/06\/PLAN-PEDAG\u00d3GICO-COORDINADORES.docx\" target=\"_blank\" rel=\"noopener\">aqu\u00ed<\/a>)<\/strong><\/span><\/p>\n<p><i class=\"fa fa-hand-o-right\" aria-hidden=\"true\"><\/i> <span style=\"color: #000000;\"><strong><span style=\"color: #800000;\"><em>PLAN PEDAG\u00d3GICO DIRECTIVO-DOCENTE INICIAL<\/em><\/span> descargar <i class=\"far fa-file-word\"><\/i><a href=\"http:\/\/www.ugelsanchezcarrion.gob.pe\/wordpress\/wp-content\/uploads\/2020\/06\/PLAN-PEDAGOGICO-DIRECTIVO-DOCENTE-INICIAL.docx\" target=\"_blank\" rel=\"noopener\">(aqu\u00ed<\/a>)<\/strong><\/span><\/p>\n<p><i class=\"fa fa-hand-o-right\" aria-hidden=\"true\"><\/i> <span style=\"color: #000000;\"><strong><span style=\"color: #800000;\"><em>PLAN PEDAG\u00d3GICO DIRECTIVO-DOCENTE PRIMARIA<\/em><\/span> descargar <i class=\"far fa-file-word\"><\/i>(<a href=\"http:\/\/www.ugelsanchezcarrion.gob.pe\/wordpress\/wp-content\/uploads\/2020\/06\/PLAN-PEDAGOGICO-DIRECTIVO-DOCENTE-PRIMARIA.docx\" target=\"_blank\" rel=\"noopener\">aqu\u00ed<\/a>)<\/strong><\/span><\/p>\n<p><i class=\"fa fa-hand-o-right\" aria-hidden=\"true\"><\/i> <span style=\"color: #000000;\"><strong><span style=\"color: #800000;\"><em>PLAN PEDAG\u00d3GICO DIRECTORES CON AULA INICIAL<\/em><\/span> descargar <i class=\"far fa-file-word\"><\/i>(<a href=\"http:\/\/www.ugelsanchezcarrion.gob.pe\/wordpress\/wp-content\/uploads\/2020\/06\/PLAN-PEDAG\u00d3GICO-DIRECTORES-CON-AULA-INICIAL.docx\" target=\"_blank\" rel=\"noopener\">aqu\u00ed<\/a>)<\/strong><\/span><\/p>\n<p><i class=\"fa fa-hand-o-right\" aria-hidden=\"true\"><\/i> <span style=\"color: #000000;\"><strong><span style=\"color: #800000;\"><em>PLAN PEDAG\u00d3GICO DIRECTORES CON AULA PRIMARIA<\/em><\/span> descargar <i class=\"far fa-file-word\"><\/i>(<a href=\"http:\/\/www.ugelsanchezcarrion.gob.pe\/wordpress\/wp-content\/uploads\/2020\/06\/PLAN-PEDAG\u00d3GICO-DIRECTORES-CON-AULA-PRIMARIA.docx\" target=\"_blank\" rel=\"noopener\">aqu\u00ed<\/a>)<\/strong><\/span><\/p>\n<p><i class=\"fa fa-hand-o-right\" aria-hidden=\"true\"><\/i> <span style=\"color: #000000;\"><strong><span style=\"color: #800000;\"><em>PLAN PEDAG\u00d3GICO DIRECTORES SIN AULA A CARGO<\/em><\/span> descargar <i class=\"far fa-file-word\"><\/i>(<a href=\"http:\/\/www.ugelsanchezcarrion.gob.pe\/wordpress\/wp-content\/uploads\/2020\/06\/PLAN-PEDAG\u00d3GICO-DIRECTORES-SIN-AULA-A-CARGO.docx\" target=\"_blank\" rel=\"noopener\">aqu\u00ed<\/a>)<\/strong><\/span><\/p>\n<p><i class=\"fa fa-hand-o-right\" aria-hidden=\"true\"><\/i> <span style=\"color: #000000;\"><strong><span style=\"color: #800000;\"><em>PLAN PEDAG\u00d3GICO DOCENTES INICIAL<\/em><\/span> descargar <i class=\"far fa-file-word\"><\/i>(<a href=\"http:\/\/www.ugelsanchezcarrion.gob.pe\/wordpress\/wp-content\/uploads\/2020\/06\/PLAN-PEDAGOGICO-DOCENTES-INICIAL.docx\" target=\"_blank\" rel=\"noopener\">aqu\u00ed<\/a>)<\/strong><\/span><\/p>\n<p><i class=\"fa fa-hand-o-right\" aria-hidden=\"true\"><\/i> <span style=\"color: #000000;\"><strong><span style=\"color: #800000;\"><em>PLAN PEDAG\u00d3GICO DOCENTES PRIMARIA<\/em><\/span> descargar <i class=\"far fa-file-word\"><\/i>(<a href=\"http:\/\/www.ugelsanchezcarrion.gob.pe\/wordpress\/wp-content\/uploads\/2020\/06\/PLAN-PEDAGOGICO-DOCENTES-PRIMARIA.docx\" target=\"_blank\" rel=\"noopener\">aqu\u00ed<\/a>)<\/strong><\/span><\/p>\n<p><i class=\"fa fa-hand-o-right\" aria-hidden=\"true\"><\/i> <span style=\"color: #000000;\"><strong><span style=\"color: #800000;\"><em>PLAN PEDAG\u00d3GICO DOCENTES SECUNDARIA<\/em><\/span> descargar <i class=\"far fa-file-word\"><\/i>(<a href=\"http:\/\/www.ugelsanchezcarrion.gob.pe\/wordpress\/wp-content\/uploads\/2020\/06\/PLAN-PEDAGOGICO-DOCENTES-SECUNDARIA.docx\" target=\"_blank\" rel=\"noopener\">aqu\u00ed<\/a>)<\/strong><\/span><\/p>\n<p><i class=\"fa fa-hand-o-right\" aria-hidden=\"true\"><\/i> <span style=\"color: #000000;\"><strong><span style=\"color: #800000;\"><em>PLAN PEDAG\u00d3GICO DOCENTES SIN SESIONES<\/em><\/span> descargar <i class=\"far fa-file-word\"><\/i>(<a href=\"http:\/\/www.ugelsanchezcarrion.gob.pe\/wordpress\/wp-content\/uploads\/2020\/06\/PLAN-PEDAG\u00d3GICO-DOCENTES-SIN-SESIONES.docx\" target=\"_blank\" rel=\"noopener\">aqu\u00ed<\/a>)<\/strong><\/span><\/p>\n<p>&nbsp;<\/p>\n<p>&nbsp;<\/p>\n<p>&nbsp;<\/p>\n<p>&nbsp;<\/p>\n<p>&nbsp;<\/p>\n<p>&nbsp;<\/p>\n<p>&nbsp;<\/p>\n<p>&nbsp;<\/p>\n<p>&nbsp;<\/p>\n<p>&nbsp;<\/p>\n<p>&nbsp;<\/p>\n","protected":false},"excerpt":{"rendered":"<p>Clic sobre la imagen para descargar\u00a0O.M. N\u00b0 017-2020-GRLL-GGR\/GRSE-UGEL-SC\/AGP-DIR PLAN DE TRABAJO AUXILIARES-EDUCACI\u00d3N descargar (aqu\u00ed) PLAN PEDAG\u00d3GICO COORDINADORES descargar (aqu\u00ed) PLAN PEDAG\u00d3GICO DIRECTIVO-DOCENTE INICIAL descargar (aqu\u00ed) PLAN PEDAG\u00d3GICO DIRECTIVO-DOCENTE PRIMARIA descargar (aqu\u00ed) PLAN PEDAG\u00d3GICO DIRECTORES CON AULA INICIAL descargar (aqu\u00ed) PLAN PEDAG\u00d3GICO DIRECTORES CON AULA PRIMARIA descargar (aqu\u00ed) PLAN PEDAG\u00d3GICO DIRECTORES SIN AULA A CARGO descargar&#8230;<\/p>\n","protected":false},"author":1,"featured_media":0,"comment_status":"closed","ping_status":"open","sticky":false,"template":"","format":"aside","meta":[],"categories":[10],"tags":[],"_links":{"self":[{"href":"http:\/\/www.ugelsanchezcarrion.gob.pe\/index.php?rest_route=\/wp\/v2\/posts\/9405"}],"collection":[{"href":"http:\/\/www.ugelsanchezcarrion.gob.pe\/index.php?rest_route=\/wp\/v2\/posts"}],"about":[{"href":"http:\/\/www.ugelsanchezcarrion.gob.pe\/index.php?rest_route=\/wp\/v2\/types\/post"}],"author":[{"embeddable":true,"href":"http:\/\/www.ugelsanchezcarrion.gob.pe\/index.php?rest_route=\/wp\/v2\/users\/1"}],"replies":[{"embeddable":true,"href":"http:\/\/www.ugelsanchezcarrion.gob.pe\/index.php?rest_route=%2Fwp%2Fv2%2Fcomments&post=9405"}],"version-history":[{"count":1,"href":"http:\/\/www.ugelsanchezcarrion.gob.pe\/index.php?rest_route=\/wp\/v2\/posts\/9405\/revisions"}],"predecessor-version":[{"id":9420,"href":"http:\/\/www.ugelsanchezcarrion.gob.pe\/index.php?rest_route=\/wp\/v2\/posts\/9405\/revisions\/9420"}],"wp:attachment":[{"href":"http:\/\/www.ugelsanchezcarrion.gob.pe\/index.php?rest_route=%2Fwp%2Fv2%2Fmedia&parent=9405"}],"wp:term":[{"taxonomy":"category","embeddable":true,"href":"http:\/\/www.ugelsanchezcarrion.gob.pe\/index.php?rest_route=%2Fwp%2Fv2%2Fcategories&post=9405"},{"taxonomy":"post_tag","embeddable":true,"href":"http:\/\/www.ugelsanchezcarrion.gob.pe\/index.php?rest_route=%2Fwp%2Fv2%2Ftags&post=9405"}],"curies":[{"name":"wp","href":"https:\/\/api.w.org\/{rel}","templated":true}]}}