{"id":9613,"date":"2020-07-04T18:02:57","date_gmt":"2020-07-04T23:02:57","guid":{"rendered":"http:\/\/www.ugelsanchezcarrion.gob.pe\/?p=9613"},"modified":"2020-07-04T18:02:57","modified_gmt":"2020-07-04T23:02:57","slug":"plaza-vacante-contrato-docente-2020-situacion-aislamiento-estado-emergencia-nacional-segun-cuadro-meritos-nivel-secundaria-area-cc-ss-adjudicacion-dia-06072020","status":"publish","type":"post","link":"http:\/\/www.ugelsanchezcarrion.gob.pe\/?p=9613","title":{"rendered":"Plaza vacante para contrato docente 2020, en situaci\u00f3n de aislamiento por estado de emergencia nacional, seg\u00fan cuadro de m\u00e9ritos Nivel Secundaria \u00e1rea CC.SS. Adjudicaci\u00f3n d\u00eda 06\/07\/2020"},"content":{"rendered":"<p><span style=\"color: #ff0000;\"><strong>Clic sobre la imagen para descargar comunicado<\/strong><\/span><\/p>\n<p><a href=\"http:\/\/www.ugelsanchezcarrion.gob.pe\/wordpress\/wp-content\/uploads\/2020\/07\/Plaza-vacante-cuadro-de-m\u00e9ritos-Sec-CC.SS_.-d\u00eda-06072020.pdf\"><img loading=\"lazy\" class=\"alignnone wp-image-9614 size-full\" src=\"http:\/\/www.ugelsanchezcarrion.gob.pe\/wordpress\/wp-content\/uploads\/2020\/07\/Plaza-vacante-cuadro-de-m\u00e9ritos-Sec-CC.SS_.-d\u00eda-060720.jpg\" alt=\"\" width=\"600\" height=\"340\" srcset=\"http:\/\/www.ugelsanchezcarrion.gob.pe\/wordpress\/wp-content\/uploads\/2020\/07\/Plaza-vacante-cuadro-de-m\u00e9ritos-Sec-CC.SS_.-d\u00eda-060720.jpg 600w, http:\/\/www.ugelsanchezcarrion.gob.pe\/wordpress\/wp-content\/uploads\/2020\/07\/Plaza-vacante-cuadro-de-m\u00e9ritos-Sec-CC.SS_.-d\u00eda-060720-300x170.jpg 300w\" sizes=\"(max-width: 600px) 100vw, 600px\" \/><\/a><\/p>\n<hr \/>\n<p><span style=\"color: #000000;\"><strong><span style=\"color: #800000;\"><em>Plaza vacante<\/em><\/span> descargar (<a href=\"http:\/\/www.ugelsanchezcarrion.gob.pe\/wordpress\/wp-content\/uploads\/2020\/07\/plaza-v.pdf\" target=\"_blank\" rel=\"noopener\">aqu\u00ed<\/a>)<\/strong><\/span><\/p>\n<p>&nbsp;<\/p>\n<p>&nbsp;<\/p>\n<p>&nbsp;<\/p>\n<p>&nbsp;<\/p>\n<p>&nbsp;<\/p>\n<p>&nbsp;<\/p>\n<p>&nbsp;<\/p>\n","protected":false},"excerpt":{"rendered":"<p>Clic sobre la imagen para descargar comunicado Plaza vacante descargar (aqu\u00ed) &nbsp; &nbsp; &nbsp; &nbsp; &nbsp; &nbsp; &nbsp;<\/p>\n","protected":false},"author":1,"featured_media":0,"comment_status":"closed","ping_status":"open","sticky":false,"template":"","format":"aside","meta":[],"categories":[26],"tags":[],"_links":{"self":[{"href":"http:\/\/www.ugelsanchezcarrion.gob.pe\/index.php?rest_route=\/wp\/v2\/posts\/9613"}],"collection":[{"href":"http:\/\/www.ugelsanchezcarrion.gob.pe\/index.php?rest_route=\/wp\/v2\/posts"}],"about":[{"href":"http:\/\/www.ugelsanchezcarrion.gob.pe\/index.php?rest_route=\/wp\/v2\/types\/post"}],"author":[{"embeddable":true,"href":"http:\/\/www.ugelsanchezcarrion.gob.pe\/index.php?rest_route=\/wp\/v2\/users\/1"}],"replies":[{"embeddable":true,"href":"http:\/\/www.ugelsanchezcarrion.gob.pe\/index.php?rest_route=%2Fwp%2Fv2%2Fcomments&post=9613"}],"version-history":[{"count":1,"href":"http:\/\/www.ugelsanchezcarrion.gob.pe\/index.php?rest_route=\/wp\/v2\/posts\/9613\/revisions"}],"predecessor-version":[{"id":9617,"href":"http:\/\/www.ugelsanchezcarrion.gob.pe\/index.php?rest_route=\/wp\/v2\/posts\/9613\/revisions\/9617"}],"wp:attachment":[{"href":"http:\/\/www.ugelsanchezcarrion.gob.pe\/index.php?rest_route=%2Fwp%2Fv2%2Fmedia&parent=9613"}],"wp:term":[{"taxonomy":"category","embeddable":true,"href":"http:\/\/www.ugelsanchezcarrion.gob.pe\/index.php?rest_route=%2Fwp%2Fv2%2Fcategories&post=9613"},{"taxonomy":"post_tag","embeddable":true,"href":"http:\/\/www.ugelsanchezcarrion.gob.pe\/index.php?rest_route=%2Fwp%2Fv2%2Ftags&post=9613"}],"curies":[{"name":"wp","href":"https:\/\/api.w.org\/{rel}","templated":true}]}}