{"id":9717,"date":"2020-08-10T12:23:43","date_gmt":"2020-08-10T17:23:43","guid":{"rendered":"http:\/\/www.ugelsanchezcarrion.gob.pe\/?p=9717"},"modified":"2020-08-10T13:50:08","modified_gmt":"2020-08-10T18:50:08","slug":"plaza-vacante-contrato-docente-2020-situacion-aislamiento-estado-emergencia-nacional-9na-adjudicacion-virtual-segun-cuadro-meritos-nivel-secundaria-comunicacion-dia-11082020","status":"publish","type":"post","link":"http:\/\/www.ugelsanchezcarrion.gob.pe\/?p=9717","title":{"rendered":"Plaza vacante para contrato docente 2020, en situaci\u00f3n de aislamiento por estado de emergencia nacional, 9na adjudicaci\u00f3n virtual seg\u00fan cuadro de m\u00e9ritos Nivel Secundaria-Comunicaci\u00f3n  d\u00eda 11\/08\/2020"},"content":{"rendered":"<p><a href=\"http:\/\/www.ugelsanchezcarrion.gob.pe\/wordpress\/wp-content\/uploads\/2020\/08\/Plaza-vacante-9na-adjudicaci\u00f3n-virtual-d\u00eda-11082020.pdf\"><img loading=\"lazy\" class=\"alignnone wp-image-9718 size-full\" src=\"http:\/\/www.ugelsanchezcarrion.gob.pe\/wordpress\/wp-content\/uploads\/2020\/08\/Plaza-vacante-9na-adjudicaci\u00f3n-virtual-d\u00eda-110820.jpg\" alt=\"\" width=\"600\" height=\"340\" srcset=\"http:\/\/www.ugelsanchezcarrion.gob.pe\/wordpress\/wp-content\/uploads\/2020\/08\/Plaza-vacante-9na-adjudicaci\u00f3n-virtual-d\u00eda-110820.jpg 600w, http:\/\/www.ugelsanchezcarrion.gob.pe\/wordpress\/wp-content\/uploads\/2020\/08\/Plaza-vacante-9na-adjudicaci\u00f3n-virtual-d\u00eda-110820-300x170.jpg 300w\" sizes=\"(max-width: 600px) 100vw, 600px\" \/><\/a><\/p>\n<hr \/>\n<p><i class=\"fa fa-hand-o-right\" aria-hidden=\"true\"><\/i> <span style=\"color: #000000;\"><strong><span style=\"color: #800000;\"><em>Plaza vacante<\/em><\/span> descargar <i class=\"fa fa-file-pdf-o\" aria-hidden=\"true\"><\/i>(<a href=\"http:\/\/www.ugelsanchezcarrion.gob.pe\/wordpress\/wp-content\/uploads\/2020\/08\/plaza-9na-ad.pdf\" target=\"_blank\" rel=\"noopener\">aqu\u00ed<\/a>)<\/strong><\/span><\/p>\n<p>&nbsp;<\/p>\n<p>&nbsp;<\/p>\n<p>&nbsp;<\/p>\n<p>&nbsp;<\/p>\n<p>&nbsp;<\/p>\n<p>&nbsp;<\/p>\n<p>&nbsp;<\/p>\n<p>&nbsp;<\/p>\n<p>&nbsp;<\/p>\n<p>&nbsp;<\/p>\n<p>&nbsp;<\/p>\n<p>&nbsp;<\/p>\n","protected":false},"excerpt":{"rendered":"<p>Plaza vacante descargar (aqu\u00ed) &nbsp; &nbsp; &nbsp; &nbsp; &nbsp; &nbsp; &nbsp; &nbsp; &nbsp; &nbsp; &nbsp; &nbsp;<\/p>\n","protected":false},"author":1,"featured_media":0,"comment_status":"closed","ping_status":"open","sticky":false,"template":"","format":"aside","meta":[],"categories":[26],"tags":[],"_links":{"self":[{"href":"http:\/\/www.ugelsanchezcarrion.gob.pe\/index.php?rest_route=\/wp\/v2\/posts\/9717"}],"collection":[{"href":"http:\/\/www.ugelsanchezcarrion.gob.pe\/index.php?rest_route=\/wp\/v2\/posts"}],"about":[{"href":"http:\/\/www.ugelsanchezcarrion.gob.pe\/index.php?rest_route=\/wp\/v2\/types\/post"}],"author":[{"embeddable":true,"href":"http:\/\/www.ugelsanchezcarrion.gob.pe\/index.php?rest_route=\/wp\/v2\/users\/1"}],"replies":[{"embeddable":true,"href":"http:\/\/www.ugelsanchezcarrion.gob.pe\/index.php?rest_route=%2Fwp%2Fv2%2Fcomments&post=9717"}],"version-history":[{"count":3,"href":"http:\/\/www.ugelsanchezcarrion.gob.pe\/index.php?rest_route=\/wp\/v2\/posts\/9717\/revisions"}],"predecessor-version":[{"id":9723,"href":"http:\/\/www.ugelsanchezcarrion.gob.pe\/index.php?rest_route=\/wp\/v2\/posts\/9717\/revisions\/9723"}],"wp:attachment":[{"href":"http:\/\/www.ugelsanchezcarrion.gob.pe\/index.php?rest_route=%2Fwp%2Fv2%2Fmedia&parent=9717"}],"wp:term":[{"taxonomy":"category","embeddable":true,"href":"http:\/\/www.ugelsanchezcarrion.gob.pe\/index.php?rest_route=%2Fwp%2Fv2%2Fcategories&post=9717"},{"taxonomy":"post_tag","embeddable":true,"href":"http:\/\/www.ugelsanchezcarrion.gob.pe\/index.php?rest_route=%2Fwp%2Fv2%2Ftags&post=9717"}],"curies":[{"name":"wp","href":"https:\/\/api.w.org\/{rel}","templated":true}]}}