{"id":9756,"date":"2020-08-21T22:38:37","date_gmt":"2020-08-22T03:38:37","guid":{"rendered":"http:\/\/www.ugelsanchezcarrion.gob.pe\/?p=9756"},"modified":"2020-09-02T23:12:11","modified_gmt":"2020-09-03T04:12:11","slug":"eleccion-los-representantes-titular-suplente-los-profesores-nombrados-al-comite-reasignacion-2020-2021-rvm-245-2019-munedu","status":"publish","type":"post","link":"http:\/\/www.ugelsanchezcarrion.gob.pe\/?p=9756","title":{"rendered":"ELECCI\u00d3N DE LOS REPRESENTANTES (TITULAR Y SUPLENTE) DE LOS PROFESORES NOMBRADOS AL COMIT\u00c9 DE REASIGNACI\u00d3N 2020 \u2013 2021 (RVM 245-2019- MINEDU) <span class=\"label label-warning\">Publicaci\u00f3n de candidato aptos<\/span>"},"content":{"rendered":"<p><a href=\"http:\/\/www.ugelsanchezcarrion.gob.pe\/wordpress\/wp-content\/uploads\/2020\/08\/comunicado.pdf\"><img loading=\"lazy\" class=\"alignnone wp-image-9759 size-full\" src=\"http:\/\/www.ugelsanchezcarrion.gob.pe\/wordpress\/wp-content\/uploads\/2020\/08\/comunicado.jpg\" alt=\"\" width=\"600\" height=\"340\" srcset=\"http:\/\/www.ugelsanchezcarrion.gob.pe\/wordpress\/wp-content\/uploads\/2020\/08\/comunicado.jpg 600w, http:\/\/www.ugelsanchezcarrion.gob.pe\/wordpress\/wp-content\/uploads\/2020\/08\/comunicado-300x170.jpg 300w\" sizes=\"(max-width: 600px) 100vw, 600px\" \/><\/a><\/p>\n<hr \/>\n<p><i class=\"fa fa-hand-o-right\" aria-hidden=\"true\"><\/i> <span style=\"color: #800000;\"><em><strong>Reglamento general de elecciones<\/strong><\/em><\/span><strong>\u00a0descargar <i class=\"fa fa-file-pdf-o\" aria-hidden=\"true\"><\/i>(<a href=\"http:\/\/www.ugelsanchezcarrion.gob.pe\/wordpress\/wp-content\/uploads\/2020\/08\/reglamento.pdf\" target=\"_blank\" rel=\"noopener\">aqu\u00ed<\/a>)<\/strong><\/p>\n<p><i class=\"fa fa-hand-o-right\" aria-hidden=\"true\"><\/i> <span style=\"color: #800000;\"><em><strong>RVM_N_245-2019-MINEDU\u00a0<\/strong><\/em><\/span><strong>descargar <i class=\"fa fa-file-pdf-o\" aria-hidden=\"true\"><\/i>(<a href=\"http:\/\/www.ugelsanchezcarrion.gob.pe\/wordpress\/wp-content\/uploads\/2020\/08\/RVM_N__245-2019-MINEDU.pdf\" target=\"_blank\" rel=\"noopener\">aqu\u00ed<\/a>)<\/strong><\/p>\n<p><i class=\"fa fa-hand-o-right\" aria-hidden=\"true\"><\/i> <em><strong><span style=\"color: #800000;\">Cronograma <\/span><\/strong><\/em><strong>descargar <i class=\"fa fa-file-pdf-o\" aria-hidden=\"true\"><\/i>(<a href=\"http:\/\/www.ugelsanchezcarrion.gob.pe\/wordpress\/wp-content\/uploads\/2020\/08\/cronograma.pdf\" target=\"_blank\" rel=\"noopener\">aqu\u00ed<\/a>)<\/strong><\/p>\n<p><i class=\"fa fa-hand-o-right\" aria-hidden=\"true\"><\/i> <em><strong><span style=\"color: #800000;\">Formato de Inscripci\u00f3n<\/span>\u00a0<\/strong><\/em><strong>descargar <i class=\"far fa-file-word\"><\/i>(<a href=\"http:\/\/www.ugelsanchezcarrion.gob.pe\/wordpress\/wp-content\/uploads\/2020\/08\/Formato-de-Inscripci\u00f3n.docx\" target=\"_blank\" rel=\"noopener\">aqu\u00ed<\/a>)<\/strong><\/p>\n<hr \/>\n<p><span style=\"color: #0000ff;\"><strong>NOTA: LOS INTERESADOS DEBER\u00c1N RELLENAR EL FORMULARIO CORRESPONDIENTE A PARTIR DE LA FECHA INDICADA EN EL CRONOGRAMA, DICHO FORMULARIO SE ENCUENTRA EN EL APARTADO MESA DE PARTES VIRTUAL<b>.<\/b><\/strong><\/span><\/p>\n<p>&nbsp;<\/p>\n<p><span style=\"color: #000000;\"><strong>ACCESO DIRECTO A \u201c<a href=\"http:\/\/www.ugelsanchezcarrion.gob.pe\/?p=9278\" target=\"_blank\" rel=\"noopener\">MESA DE PARTES VIRTUAL<\/a>\u201d<\/strong><\/span><\/p>\n<p>&nbsp;<\/p>\n<hr \/>\n<h3><span style=\"color: #ff0000;\"><strong>PUBLICACI\u00d3N DE CANDIDATOS<\/strong><\/span><\/h3>\n<p><i class=\"fa fa-hand-o-right\" aria-hidden=\"true\"><\/i> <span style=\"color: #000000;\"><strong><em><span style=\"color: #800000;\">Publicaci\u00f3n de candidatos<\/span><\/em> descargar <i class=\"fa fa-file-pdf-o\" aria-hidden=\"true\"><\/i>(<a href=\"http:\/\/www.ugelsanchezcarrion.gob.pe\/wordpress\/wp-content\/uploads\/2020\/08\/lista-de-candidatos.pdf\" target=\"_blank\" rel=\"noopener\">aqu\u00ed<\/a>)<\/strong><\/span><\/p>\n<p>&nbsp;<\/p>\n<p><span style=\"color: #0000ff;\"><strong>NOTA:<\/strong>\u00a0 SE LE INFORMA A LOS CANDIDATOS QUE VIENEN POSTULANDO AL PROCESO DE CONVOCATORIA PARA LA ELECCI\u00d3N DE REPRESENTANTES DE DOCENTES NOMBRADOS AL COMIT\u00c9 DE REASIGNACI\u00d3N -2020 &#8211; 2021, QUE EL PLAZO DE ABSOLUCI\u00d3N DE TACHAS SE REALIZAR\u00c1 HASTA EL D\u00cdA 01 DE SETIEMBRE DEL 2020 A HORAS 12:00 PM MEDIANTE FORMULARIO QUE SE ENCUENTRA EN EL APARTADO DE \u00abMESA DE PARTES VIRTUAL\u00bb; AS\u00cd MISMO SE HACE DE CONOCIMIENTO QUE SE CONTINUARA CON LA PROGRAMACI\u00d3N DE ACTIVIDADES DE ACUERDO PUBLICACI\u00d3N DEL CRONOGRAMA.3<\/span><\/p>\n<p>&nbsp;<\/p>\n<hr \/>\n<h3><span style=\"color: #ff0000;\"><strong>PUBLICACI\u00d3N DE POSTULANTES APTOS<\/strong><\/span><\/h3>\n<p><i class=\"fa fa-hand-o-right\" aria-hidden=\"true\"><\/i> <strong><em><span style=\"color: #993300;\">Publicaci\u00f3n de candidato aptos<\/span><\/em> descargar <i class=\"fa fa-file-pdf-o\" aria-hidden=\"true\"><\/i>(<a href=\"http:\/\/www.ugelsanchezcarrion.gob.pe\/wordpress\/wp-content\/uploads\/2020\/08\/Publicaci\u00f3n-de-candidato-aptos.pdf\" target=\"_blank\" rel=\"noopener\">aqu\u00ed<\/a>)<\/strong><\/p>\n<hr \/>\n<p>&nbsp;<\/p>\n<h3><span style=\"color: #ff0000;\"><strong>COMUNICADO I\u00a0<\/strong><\/span><\/h3>\n<p><a href=\"http:\/\/www.ugelsanchezcarrion.gob.pe\/wordpress\/wp-content\/uploads\/2020\/08\/Queda-suspendido-el-proceso.pdf\" target=\"_blank\" rel=\"noopener\"><span style=\"color: #000000;\">Queda suspendido el proceso de elecci\u00f3n comit\u00e9 reasignaci\u00f3n 2020 &#8211; 2021<\/span><\/a><\/p>\n<p>&nbsp;<\/p>\n<h3><span style=\"color: #ff0000;\"><strong>OM 00071-2020-MINEDU\/VMGP-DIGEDD-DITEN<\/strong><\/span><\/h3>\n<p><a href=\"http:\/\/www.ugelsanchezcarrion.gob.pe\/wordpress\/wp-content\/uploads\/2020\/08\/OM.-00071-2020-MINEDU-VMGP-DIGEDD-DITEN.pdf\" target=\"_blank\" rel=\"noopener\"><span style=\"color: #000000;\">Precisiones para la conformaci\u00f3n del Comit\u00e9 de Reasignaci\u00f3n Docente 2020<\/span><\/a><\/p>\n<p>&nbsp;<\/p>\n<p>&nbsp;<\/p>\n<p>&nbsp;<\/p>\n<p>&nbsp;<\/p>\n<p>&nbsp;<\/p>\n<p>&nbsp;<\/p>\n<p>&nbsp;<\/p>\n","protected":false},"excerpt":{"rendered":"<p>Reglamento general de elecciones\u00a0descargar (aqu\u00ed) RVM_N_245-2019-MINEDU\u00a0descargar (aqu\u00ed) Cronograma descargar (aqu\u00ed) Formato de Inscripci\u00f3n\u00a0descargar (aqu\u00ed) NOTA: LOS INTERESADOS DEBER\u00c1N RELLENAR EL FORMULARIO CORRESPONDIENTE A PARTIR DE LA FECHA INDICADA EN EL CRONOGRAMA, DICHO FORMULARIO SE ENCUENTRA EN EL APARTADO MESA DE PARTES VIRTUAL. &nbsp; ACCESO DIRECTO A \u201cMESA DE PARTES VIRTUAL\u201d &nbsp; PUBLICACI\u00d3N DE CANDIDATOS Publicaci\u00f3n&#8230;<\/p>\n","protected":false},"author":1,"featured_media":0,"comment_status":"closed","ping_status":"open","sticky":false,"template":"","format":"aside","meta":[],"categories":[10],"tags":[],"_links":{"self":[{"href":"http:\/\/www.ugelsanchezcarrion.gob.pe\/index.php?rest_route=\/wp\/v2\/posts\/9756"}],"collection":[{"href":"http:\/\/www.ugelsanchezcarrion.gob.pe\/index.php?rest_route=\/wp\/v2\/posts"}],"about":[{"href":"http:\/\/www.ugelsanchezcarrion.gob.pe\/index.php?rest_route=\/wp\/v2\/types\/post"}],"author":[{"embeddable":true,"href":"http:\/\/www.ugelsanchezcarrion.gob.pe\/index.php?rest_route=\/wp\/v2\/users\/1"}],"replies":[{"embeddable":true,"href":"http:\/\/www.ugelsanchezcarrion.gob.pe\/index.php?rest_route=%2Fwp%2Fv2%2Fcomments&post=9756"}],"version-history":[{"count":6,"href":"http:\/\/www.ugelsanchezcarrion.gob.pe\/index.php?rest_route=\/wp\/v2\/posts\/9756\/revisions"}],"predecessor-version":[{"id":11642,"href":"http:\/\/www.ugelsanchezcarrion.gob.pe\/index.php?rest_route=\/wp\/v2\/posts\/9756\/revisions\/11642"}],"wp:attachment":[{"href":"http:\/\/www.ugelsanchezcarrion.gob.pe\/index.php?rest_route=%2Fwp%2Fv2%2Fmedia&parent=9756"}],"wp:term":[{"taxonomy":"category","embeddable":true,"href":"http:\/\/www.ugelsanchezcarrion.gob.pe\/index.php?rest_route=%2Fwp%2Fv2%2Fcategories&post=9756"},{"taxonomy":"post_tag","embeddable":true,"href":"http:\/\/www.ugelsanchezcarrion.gob.pe\/index.php?rest_route=%2Fwp%2Fv2%2Ftags&post=9756"}],"curies":[{"name":"wp","href":"https:\/\/api.w.org\/{rel}","templated":true}]}}